{"id":794,"date":"2024-05-28T21:17:11","date_gmt":"2024-05-28T21:17:11","guid":{"rendered":"https:\/\/goodnewsfromromania.ro\/?p=794"},"modified":"2024-05-28T21:19:02","modified_gmt":"2024-05-28T21:19:02","slug":"1-2-iunie-2024-amzei-block-party-festivalul-bucurestiului-reimaginat","status":"publish","type":"post","link":"https:\/\/goodnewsfromromania.ro\/index.php\/2024\/05\/28\/1-2-iunie-2024-amzei-block-party-festivalul-bucurestiului-reimaginat\/","title":{"rendered":"1-2 iunie 2024. Amzei Block Party, festivalul Bucure\u0219tiului Reimaginat"},"content":{"rendered":"\n<p>\u00cen weekendul 1-2 iunie, de la orele 10.00 la 23.00, intersec\u021bia str\u0103zilor Christian Tell \u0219i Biserica Amzei se va transforma \u00eentr-un spa\u021biu pietonal temporar, devenind o pia\u021bet\u0103 a culturii \u0219i a creativit\u0103\u021bii, o intersec\u021bie eliberat\u0103 de ma\u0219ini, dar plin\u0103 de oameni din toate col\u021burile ora\u0219ului. <\/p>\n\n\n\n<p>Timp de dou\u0103 zile, intersec\u021bia unde se \u00eenvecineaz\u0103 Biserica Amzei, La Mi\u021ba Biciclista Stabiliment Creativ \u0219i Ambasada Fran\u021bei din Bucure\u0219ti va deveni un loc al convivialit\u0103\u021bii, un spa\u021biu sigur, mai pu\u021bin poluat \u0219i mai verde \u00een jurul unui obiect-instala\u021bie, \u201eMasa Nesf\u00e2r\u0219it\u0103\u201d, realizat\u0103 de artistul \u0219i arhitectul francez Olivier Vadrot, metafora perfect\u0103 \u201ea \u00eent\u00e2lnirii \u0219i a dialogului\u201d . <\/p>\n\n\n\n<p>Amzei Block Party, conceput de La Mi\u021ba Biciclista Stabiliment Creativ prin ARCEN, este o ini\u021biativ\u0103 ce propune reimaginarea scuarurilor \u0219i a spa\u021biilor publice ale Bucure\u0219tiului istoric prin pietonalizare \u0219i \u00eenverzire temporar\u0103, o invita\u021bie la un alt mod de a g\u00e2ndi \u0219i de a tr\u0103i ora\u0219ul. \u201cPropunem zi de zi un alt mod de a tr\u0103i \u00een ora\u0219, \u0219i asta nu se opre\u0219te \u00een spatele zidurilor casei La Mi\u021ba Biciclista, ci dimpotriv\u0103, reverbereaz\u0103 \u00een spa\u021biile din jurul acestei case salvate, restaurate \u0219i redeschise marelui public. Amzei Block Party pune deasupra tuturor intereselor VECIN\u0102TATEA \u0219i trebuie s\u0103 \u0219ti\u021bi c\u0103 este doar \u00eenceputul unei interven\u021bii majore de reimaginare \u0219i \u00eenverzire a spa\u021biului urban din aceast\u0103 zon\u0103 istoric\u0103. <\/p>\n\n\n\n<p>Mai mult spa\u021biu public pentru pietoni \u00eenseamn\u0103 mai mult dialog \u0219i mai mult\u0103 toleran\u021b\u0103. De la aceast\u0103 idee am creat instala\u021bia \u201eMasa Nesf\u00e2r\u0219it\u0103\u201d care va fi practic coloana vertebral\u0103 a \u00eentregului eveniment stradal &#8211; o metafor\u0103 a \u00eent\u00e2lnirii \u00eentre oameni care poate fi f\u0103r\u0103 sf\u00e2r\u0219it.\u201d a declarat Edmond Niculu\u0219c\u0103, pre\u0219edinte ARCEN \u0219i membru fondator La Mi\u021ba Biciclista.<\/p>\n\n\n\n<figure class=\"wp-block-image size-large is-resized\"><img loading=\"lazy\" decoding=\"async\" width=\"1024\" height=\"1024\" src=\"https:\/\/goodnewsfromromania.ro\/wp-content\/uploads\/2024\/05\/mita_biciclista_goodnewsfromromania-1-1024x1024.jpg\" alt=\"\" class=\"wp-image-798\" style=\"width:756px;height:auto\" srcset=\"https:\/\/goodnewsfromromania.ro\/wp-content\/uploads\/2024\/05\/mita_biciclista_goodnewsfromromania-1-1024x1024.jpg 1024w, https:\/\/goodnewsfromromania.ro\/wp-content\/uploads\/2024\/05\/mita_biciclista_goodnewsfromromania-1-300x300.jpg 300w, https:\/\/goodnewsfromromania.ro\/wp-content\/uploads\/2024\/05\/mita_biciclista_goodnewsfromromania-1-150x150.jpg 150w, https:\/\/goodnewsfromromania.ro\/wp-content\/uploads\/2024\/05\/mita_biciclista_goodnewsfromromania-1-768x768.jpg 768w, https:\/\/goodnewsfromromania.ro\/wp-content\/uploads\/2024\/05\/mita_biciclista_goodnewsfromromania-1-75x75.jpg 75w, https:\/\/goodnewsfromromania.ro\/wp-content\/uploads\/2024\/05\/mita_biciclista_goodnewsfromromania-1-350x350.jpg 350w, https:\/\/goodnewsfromromania.ro\/wp-content\/uploads\/2024\/05\/mita_biciclista_goodnewsfromromania-1-750x750.jpg 750w, https:\/\/goodnewsfromromania.ro\/wp-content\/uploads\/2024\/05\/mita_biciclista_goodnewsfromromania-1-1140x1140.jpg 1140w, https:\/\/goodnewsfromromania.ro\/wp-content\/uploads\/2024\/05\/mita_biciclista_goodnewsfromromania-1.jpg 1500w\" sizes=\"auto, (max-width: 1024px) 100vw, 1024px\" \/><\/figure>\n\n\n\n<p><\/p>\n\n\n\n<p>Experien\u021ba \u00eent\u00e2lnirii \u00eentre genera\u021bii va fi marcat\u0103 \u0219i prin delicatesa acestei edi\u021bii create \u00een laboratorul La Mi\u021ba Biciclista: orezul cu lapte, desertul multor genera\u021bii de copii din Rom\u00e2nia, care va fi reinterpretat \u0219i degustat la festivalul care se deschide chiar de 1 iunie. Masa Nesf\u00e2r\u0219it\u0103 Intersec\u021bia va g\u0103zdui, timp de dou\u0103 zile, Masa Nesf\u00e2r\u0219it\u0103, un obiect-instala\u021bie creat de arhitectul \u0219i artistul francez Olivier Vadrot, cunoscut pentru structurile pe care le-a conceput de-a lungul timpului pentru numeroase centre de art\u0103 contemporan\u0103 (Centre Pompidou, Collection Lambert), festivaluri (Nuit bleue, Un Nouveau Festival) sau \u0219coli din Fran\u021ba. Pentru Amzei Bloc Party, Vadrot a imaginat o varia\u021bie a celebrei sale opere, La table sans fin, o mas\u0103 creat\u0103 pentru a func\u021biona ca spa\u021biu comun \u0219i sigur de \u00eent\u00e2lnire, de dialog, de dezbatere, de petrecere a timpului liber, pentru a \u00eencuraja convivialitatea, vecin\u0103tatea \u0219i democratizarea spa\u021biilor publice. Masa, care poate g\u0103zdui 180 de persoane, \u00eendepline\u0219te func\u021bii multiple.<\/p>\n\n\n\n<p>Pe de o parte, ne ajut\u0103 s\u0103 (re)descoperim ce \u00eenseamn\u0103 s\u0103 petrecem timpul \u00eempreun\u0103 \u0219i s\u0103 ne bucur\u0103m de activit\u0103\u021bile variate care pot lua na\u0219tere \u00eentr-un ora\u0219 al oamenilor. Pe de alt\u0103 parte, este o instala\u021bie ce asigur\u0103 umbr\u0103 \u0219i aer atunci c\u00e2nd se face cald, iar capitala devine irespirabil\u0103, oferind \u00een acela\u0219i timp un spa\u021biu sigur pentru toat\u0103 lumea: copii, adul\u021bi \u0219i oameni \u00een v\u00e2rst\u0103. Un program care invit\u0103 la dialog, conectare \u0219i \u00een\u021belegere a ora\u0219ului \u00een care tr\u0103im 10.30-12.00 | Dialoguri despre spa\u021biul public. Conversa\u021biile vor juca un rol esen\u021bial la Amzei Block Party, permi\u021b\u00e2ndu-ne s\u0103 abord\u0103m \u00eempreun\u0103, cu ajutorul profesioni\u0219tilor, temele specifice \u00een\u021belegerii spa\u021biului public bucure\u0219tean.<\/p>\n\n\n\n<p>S\u00e2mb\u0103t\u0103 \u0219i duminic\u0103, \u00eentre orele 10:30 \u0219i 12:00, vor avea loc o serie de dialoguri moderate de Edmond Niculu\u0219c\u0103, unul dintre fondatorii La Mi\u021ba Biciclista, despre cum poate fi (re)imaginat\u0103 intersec\u021bia str\u0103zilor Christian Tell cu Biserica Amzei, rolul scuarurilor \u0219i cur\u021bilor urbane \u0219i cum influen\u021beaz\u0103 pietonalizarea \u201enormalizarea\u201d rela\u021biei locuitorilor cu propriul lor ora\u0219. Vor fi invita\u021bi arhitecta Iulia Stanciu, profesor dr. la Universitatea de Arhitectur\u0103 \u0219i Urbanism \u201eIon Mincu\u201d din Bucure\u0219ti, sculptorul Virgil Scripcariu, autor a numeroase sculpturi \u00een spa\u021bii publice emblematice din capital\u0103, conf. univ. dr. Bogdan Suditu, \u0218tefan Vianu, profesor de filozofie la Universitatea de Arhitectur\u0103 \u0219i Urbanism \u201cIon Mincu\u201d, dar \u0219i Gruia B\u0103descu, arhitect \u0219i cercet\u0103tor la Universitatea din Konstanz (Germania). 12:30-22.00 | Expozi\u021bie FRAGMENTE din patrimoniu: un demers despre o citire \u0219i interven\u021bie acceptat fragmentar\u0103 asupra valorilor discrete din patrimoniu. Expozi\u021bia este realizat\u0103 de c\u0103tre studioul de arhitectur\u0103 STARH \u0219i studen\u021bii arhitec\u021bi coordona\u021bi de arh. Iulia Stanciu \u0219i va propune o serie de reimagin\u0103ri \u0219i reinterpret\u0103ri ale spa\u021biilor abandonate din intersec\u021bia str\u0103zilor Christian Tell \u0219i Biserica Amzei, o expozi\u021bie de machete realizate \u00een lut la \u0218coala de la Piscu. Vernisajul expozi\u021biei va avea loc s\u00e2mb\u0103ta, la ora 12.30, \u00eens\u0103 tururi ghidate explicative se vor \u021bine \u00een ambele zile, \u00eentre orele 13.00 \u2013 22.00 14.00-17.00 | Atelierele de guerilla gardening, deschise at\u00e2t pentru copii, c\u00e2t \u0219i pentru adul\u021bi, \u00eentre orele 14:00 \u0219i 17:00 (s\u00e2mb\u0103t\u0103 \u0219i duminic\u0103), vor oferi premisa unui demers at\u00e2t de necesar nu doar comunit\u0103\u021bii, ci \u0219i mediului. Participan\u021bii vor putea afla cum pot \u00eenverzi ora\u0219ul. \u00cen plus, cu to\u021bii vor pleca de la ateliere cu mingi de p\u0103m\u00e2nt pline de semin\u021be care pot germina prin cur\u021bile \u0219i terenurile goale ale Bucure\u0219tiului. <\/p>\n\n\n\n<p>Atelierul este realizat cu sprijinul Asocia\u021biei Climato Sfera. 14.00-14.45 \/\/ 16.00-16.45 | Plimb\u0103ri imaginare prin zona Amzei conduse de Andreea Apostu, Edmond Niculu\u0219c\u0103 \u0219i Alberto Gro\u0219escu, vor oferi o mai bun\u0103 \u00een\u021belegere \u0219i cunoa\u0219tere a zonelor Amzei \u0219i Victoriei, explic\u00e2nd at\u00e2t specificit\u0103\u021bile arhitecturale ale locurilor, c\u00e2t \u0219i contextul istoric \u0219i social al acestora. Plimb\u0103rile vor avea loc la \u201emasa nesf\u00e2r\u0219it\u0103\u201d at\u00e2t s\u00e2mb\u0103t\u0103, c\u00e2t \u0219i duminic\u0103, \u00eentre orele 14:00-14:45 \u0219i 16:00-16:45. 17.30-18.30 | Dans \u00een strad\u0103 cu CORPZero. <\/p>\n\n\n\n<p>O sear\u0103 de improviza\u021bie at\u00e2t s\u00e2mb\u0103t\u0103, c\u00e2t \u0219i duminic\u0103, \u00een care spa\u021biul \u0219i strada se vor umple cu mi\u0219care, muzic\u0103 \u0219i orice alt\u0103 informa\u021bie creat\u0103 spontan si plonjat\u0103 printre participan\u021bi. Un performance la care oricine vrea va putea participa ca o expresie liber\u0103 a creativit\u0103\u021bii \u00een spa\u021biul public \u0219i a dansului ca form\u0103 de libertate \u0219i exprimare. 20.00-21.30 | Concertul de muzic\u0103 l\u0103ut\u0103reasc\u0103 cu Corina S\u00eerghi \u0219i taraful Jean Americanu de s\u00e2mb\u0103t\u0103 va \u00eencheia prima sear\u0103 a festivalului \u00eentr-un mod autentic, oferindu-ne \u00eenc\u0103 un prilej pentru a petrece \u00eempreun\u0103 \u0219i a ne conecta cu cei din jur \u00een cel mai bucure\u0219tean mod cu putin\u021b\u0103. Iar duminic\u0103, la finalul evenimentului Amzei Block Party, va avea loc un concert de muzic\u0103 jazz contemporan cu Trio Amphitrio. Pe \u00eentreaga durat\u0103 a weekendului, atmosfera va fi asigurat\u0103 de Abasc, care va face selec\u021bia muzical\u0103 \u00een cele 26 de ore de festival. 23.00-04.00 | AfterParty. \u00cencep\u00e2nd cu ora 23.00, ne vedem \u00een saloanele Mi\u021bei Biciclista la un Afterparty care va dura p\u00e2n\u0103 la r\u0103s\u0103ritul Soarelui zilei urm\u0103toare. <\/p>\n\n\n\n<p>Summer Hits Night este tema serii, celebr\u0103m \u00eenceputul verii \u0219i dans\u0103m p\u00e2n\u0103 diminea\u021b\u0103 pe muzica pus\u0103 de DJ Cristache \u0219i ne revigor\u0103m cu cocktailurile de var\u0103 produse de mixologii no\u0219tri. Biletele pentru Amzei Block Afterparty pot fi achizi\u021bionate de pe&nbsp;<a href=\"https:\/\/lamitabiciclista.iabilet.ro\/\" target=\"_blank\" rel=\"noreferrer noopener\">https:\/\/lamitabiciclista.iabilet.ro\/<\/a>, iar accesul se va face doar pe baz\u0103 de bilet \u00eencep\u00e2nd cu orele 22.30. Delicii \u0219i amintiri din copil\u0103rie Masa nesf\u00e2r\u0219it\u0103 este locul perfect de \u00eent\u00e2lnire, dialog \u0219i (re)descoperit gusturile copil\u0103riei, combinate cu re\u021bete gastronomice clasice sau contemporane: vedeta este orezul cu lapte, dar nu vor nici lipsi produsele de viennoiserie din laboratorul La Mi\u021ba Biciclista: Croissant Beignet, Papillon Pralin\u00e9, Croissant cu Zmeur\u0103 sau New York Roll. <\/p>\n\n\n\n<p>\u00cen completare am preg\u0103tit o varietate de b\u0103uturi homemade perfecte pentru o zi de var\u0103: Grapefruit Soda, Homemade Cola, Homemade Fanta, Cold Brew, dar \u0219i 12 Signature Cocktails. Amzei Block Party este un eveniment cu intrare liber\u0103, la care toat\u0103 lumea este invitat\u0103. Parteneri: Prim\u0103ria Sectorului 1, ADP1, STARH. Colaboratori: Olivier Vadrot, Atelier VAST, Music Gear, Nicolas Triboi, Asocia\u021bia Climato Sfera, Hai cu Bicla, Asocia\u021bia DeLaZero, Abasc. Arti\u0219ti invita\u021bi: Corina S\u00eerghi \u0219i taraful Jean Americanu, Amphitrio. Cu sprijinul Ambasadei Republicii Franceze \u00een Rom\u00e2nia \u0219i Biserica Amzei.<\/p>\n","protected":false},"excerpt":{"rendered":"<p>\u00cen weekendul 1-2 iunie, de la orele 10.00 la 23.00, intersec\u021bia str\u0103zilor Christian Tell \u0219i Biserica Amzei se va transforma \u00eentr-un spa\u021biu pietonal temporar, devenind o pia\u021bet\u0103 a culturii \u0219i a creativit\u0103\u021bii, o intersec\u021bie eliberat\u0103 de ma\u0219ini, dar plin\u0103 de oameni din toate col\u021burile ora\u0219ului. Timp de dou\u0103 zile, intersec\u021bia unde se \u00eenvecineaz\u0103 Biserica Amzei, [&hellip;]<\/p>\n","protected":false},"author":1,"featured_media":795,"comment_status":"open","ping_status":"open","sticky":false,"template":"","format":"standard","meta":{"footnotes":""},"categories":[3],"tags":[255,257,186,256,122,254],"class_list":["post-794","post","type-post","status-publish","format-standard","has-post-thumbnail","hentry","category-stiri","tag-arcen","tag-biserica-amzei","tag-bucuresti","tag-evenimente","tag-goodnewsfromromania","tag-mita-biciclista"],"post_mailing_queue_ids":[],"_links":{"self":[{"href":"https:\/\/goodnewsfromromania.ro\/index.php\/wp-json\/wp\/v2\/posts\/794","targetHints":{"allow":["GET"]}}],"collection":[{"href":"https:\/\/goodnewsfromromania.ro\/index.php\/wp-json\/wp\/v2\/posts"}],"about":[{"href":"https:\/\/goodnewsfromromania.ro\/index.php\/wp-json\/wp\/v2\/types\/post"}],"author":[{"embeddable":true,"href":"https:\/\/goodnewsfromromania.ro\/index.php\/wp-json\/wp\/v2\/users\/1"}],"replies":[{"embeddable":true,"href":"https:\/\/goodnewsfromromania.ro\/index.php\/wp-json\/wp\/v2\/comments?post=794"}],"version-history":[{"count":2,"href":"https:\/\/goodnewsfromromania.ro\/index.php\/wp-json\/wp\/v2\/posts\/794\/revisions"}],"predecessor-version":[{"id":799,"href":"https:\/\/goodnewsfromromania.ro\/index.php\/wp-json\/wp\/v2\/posts\/794\/revisions\/799"}],"wp:featuredmedia":[{"embeddable":true,"href":"https:\/\/goodnewsfromromania.ro\/index.php\/wp-json\/wp\/v2\/media\/795"}],"wp:attachment":[{"href":"https:\/\/goodnewsfromromania.ro\/index.php\/wp-json\/wp\/v2\/media?parent=794"}],"wp:term":[{"taxonomy":"category","embeddable":true,"href":"https:\/\/goodnewsfromromania.ro\/index.php\/wp-json\/wp\/v2\/categories?post=794"},{"taxonomy":"post_tag","embeddable":true,"href":"https:\/\/goodnewsfromromania.ro\/index.php\/wp-json\/wp\/v2\/tags?post=794"}],"curies":[{"name":"wp","href":"https:\/\/api.w.org\/{rel}","templated":true}]}}