{"id":775,"date":"2023-11-14T08:38:57","date_gmt":"2023-11-14T08:38:57","guid":{"rendered":"https:\/\/goodnewsfromromania.ro\/?p=775"},"modified":"2023-11-14T08:39:25","modified_gmt":"2023-11-14T08:39:25","slug":"nu-duc-greul-singuri-dadsaround-locul-unde-tatii-divortati-gasesc-sprijin-dupa-separare","status":"publish","type":"post","link":"https:\/\/goodnewsfromromania.ro\/index.php\/2023\/11\/14\/nu-duc-greul-singuri-dadsaround-locul-unde-tatii-divortati-gasesc-sprijin-dupa-separare\/","title":{"rendered":"Nu duc greul singuri. DadsAround &#8211; locul unde ta\u021bii divor\u021ba\u021bi g\u0103sesc sprijin dup\u0103 separare"},"content":{"rendered":"\n<p>Divor\u021b &#8211; cu siguran\u021b\u0103 este un cuv\u00e2nt care sun\u0103 dur \u00een urechile noastre \u0219i totu\u0219i inevitabil \u00een unele cazuri. Clipa separ\u0103rii fizice las\u0103 urme, iar cei care trec printr-un astfel de eveniment simt nevoia de multe ori s\u0103-\u0219i povesteasc\u0103 durerea. Se spune c\u0103 femeile se pricep mai bine la vorbe \u0219i g\u0103sesc rapid consolare ba la o prieten\u0103 ba la o rud\u0103, dar v-a\u021bi \u00eentrebat vreodat\u0103 ce se \u00eent\u00e2mpl\u0103 cu un tat\u0103 divor\u021bat? Cum \u0219i dac\u0103 \u00ee\u0219i reg\u0103se\u0219te rapid locul \u00een societate? <\/p>\n\n\n\n<p>Ne-am bucurat s\u0103 afl\u0103m c\u0103, \u00een Bucure\u0219ti, ta\u021bii divor\u021ba\u021bi au un loc unde pot merge s\u0103 discute, s\u0103 \u00eent\u00e2lneasc\u0103 al\u021bi ta\u021bi care trec prin situa\u021bii similare. Am stat de vorb\u0103 cu Ioan Ungureanu de la DadsAround \u0219i ne-a vorbit despre cum se schimb\u0103 via\u021ba dup\u0103 divor\u021b \u0219i de ce b\u0103rba\u021bii, dup\u0103 separare, sunt de multe ori privi\u021bi ca un paria.<\/p>\n\n\n\n<p><strong>Cum \u0219i de ce a luat na\u0219tere DadsAround?<\/strong><\/p>\n\n\n\n<p><em><strong>Ioan Ungureanu: <\/strong>DadsAround s-a n\u0103scut din durere \u0219i curaj. \u00cen urm\u0103 cu 4 ani divor\u021bam. Copilul meu avea 2 ani. Decizia a fost grea, fiind o rela\u021bie de cuplu de 9 ani din care \u0219i eu, \u0219i mama copilului ie\u0219eam fr\u00e2n\u021bi. Dar decizia a fost s\u0103n\u0103toas\u0103 pentru dezvoltarea copilului, iar asta ne-a adus \u00eentr-un punct amiabil la nivel de p\u0103rin\u021bi. Mi-ar fi pl\u0103cut atunci s\u0103 g\u0103sesc un loc unde se discut\u0103 despre ta\u021bii divor\u021ba\u021bi \u0219i provoc\u0103rile lor. Cum treci prin singur\u0103tate, vinov\u0103\u021bie, anxietate, vulnerabilitate, sl\u0103biciune. Cum te pui la loc \u0219i devii un tat\u0103 deosebit, a\u0219a cum \u00eemi doream eu s\u0103 fiu. Cum \u00ee\u021bi p\u0103strezi rela\u021bia cu copilul. Cum au f\u0103cut al\u021bi ta\u021bi \u00een situa\u021bii similare. Care sunt mijloacele cu care navighezi prin diversele etape ale perioadei post-divor\u021b.<\/em><\/p>\n\n\n\n<p><em>Acest loc nu exista atunci \u0219i nu exist\u0103 nici acum. Norocul meu a fost o persoan\u0103 drag\u0103 care a \u0219tiut s\u0103 m\u0103 asculte, s\u0103 m\u0103 inspire f\u0103r\u0103 s\u0103-mi dea sfaturi necerute; pur \u0219i simplu, s\u0103 m\u0103 ajute s\u0103 m\u0103 uit \u0219i altfel la situa\u021bia mea. Dar m\u0103 g\u00e2ndesc c\u0103 nu to\u021bi ta\u021bii au acest noroc. Decizia silen\u021bioas\u0103 pe care am luat-o atunci a fost c\u0103, la un moment dat, voi \u00eencerca s\u0103 fac ceva spre a umple acest gol. Mi-a luat peste 3 ani s\u0103 prind curaj s\u0103 transform povestea mea, nevoia mea de-atunci, \u00eentr-un proiect prin care s\u0103 ajung la al\u021bi ta\u021bi divor\u021ba\u021bi care poate au \u0219i ei nevoie de informare, sprijin \u0219i \u00een\u021belegere. \u00centre timp am realizat c\u0103 misiunea mea se adreseaz\u0103 de fapt \u0219i ta\u021bilor c\u0103s\u0103tori\u021bi, fiindc\u0103 paradigma limitativ\u0103 \u00een care este \u00eencadrat tat\u0103l \u00een Rom\u00e2nia este aceea\u0219i. &nbsp;<\/em><\/p>\n\n\n\n<p><strong>Ce \u00ee\u0219i propune DadsAround s\u0103 fac\u0103 pentru ni\u0219a aceasta, a ta\u021bilor divor\u021ba\u021bi?<\/strong><\/p>\n\n\n\n<p><em><strong>Ioan Ungureanu:<\/strong> Proiectul are 2 mari dimensiuni. Prima dimensiune este www.dadsaround.com &#8211; o platform\u0103 digital\u0103, momentan \u00een dezvoltare. Aici ta\u021bii divor\u021ba\u021bi \u0219i, prin extensie, to\u021bi ta\u021bii din Rom\u00e2nia, vor g\u0103si informa\u021bii cu baz\u0103 \u0219tiin\u021bific\u0103 despre parenting-ul modern care pleac\u0103 de la un principiu de bun sim\u021b: tat\u0103l \u0219i mama sunt parteneri \u00een cre\u0219terea copilului; tat\u0103l fiind implicat, dedicat, informat, activ. Ei vor g\u0103si aici con\u021binut util, mijloace ce pot fi aplicate \u00een via\u021ba real\u0103 \u0219i care s\u0103 aib\u0103 rezultate. Interviuri cu speciali\u0219ti din domenii variate, curatoriat pe anumite c\u0103r\u021bi sau surse de informare, un podcast dedicat \u0219i o serie de alte materiale, toate cu scopul de a sus\u021bine misiunea: de a-i ajuta pe ta\u021bi s\u0103-\u0219i ating\u0103 \u00eentregul poten\u021bial de p\u0103rinte. &nbsp;&nbsp;<\/em><\/p>\n\n\n\n<p><em>A doua dimensiune este DadsAround Sessions \u2013 un workshop derulat \u00een offline \u00een parteneriat cu Matei St\u0103nculescu, terapeut \u0219i co-fondator al centrului Eka \u2013 Centrul St\u0103rii de Bine. Atelierul a avut deja o prim\u0103 edi\u021bie \u0219i ne preg\u0103tim cu mare entuziasm pentru a doua, programat\u0103 pentru 25 noiembrie. Intrarea este liber\u0103 iar \u00eenscrierile se fac aici https:\/\/centruleka.com\/dadsaround-sessions\/ &nbsp;<\/em><\/p>\n\n\n\n<p><em>Scopul acestor \u00eent\u00e2lniri este s\u0103 oferim un spa\u021biu informal, relaxat \u00een care s\u0103 dezbatem specificul problemelor, provoc\u0103rilor, solu\u021biilor fiec\u0103rui tat\u0103 prezent. Prima edi\u021bie a \u00eensemnat 3 ore f\u0103r\u0103 s\u0103 ne ducem m\u0103car o dat\u0103 la baie, de\u0219i programasem 2 pauze. &nbsp;&nbsp;<\/em><\/p>\n\n\n\n<figure class=\"wp-block-image size-large is-resized\"><img loading=\"lazy\" decoding=\"async\" width=\"1024\" height=\"684\" src=\"https:\/\/goodnewsfromromania.ro\/wp-content\/uploads\/2023\/11\/DadsAroundSessions-3-1024x684.jpg\" alt=\"\" class=\"wp-image-777\" style=\"width:829px;height:auto\" srcset=\"https:\/\/goodnewsfromromania.ro\/wp-content\/uploads\/2023\/11\/DadsAroundSessions-3-1024x684.jpg 1024w, https:\/\/goodnewsfromromania.ro\/wp-content\/uploads\/2023\/11\/DadsAroundSessions-3-300x200.jpg 300w, https:\/\/goodnewsfromromania.ro\/wp-content\/uploads\/2023\/11\/DadsAroundSessions-3-768x513.jpg 768w, https:\/\/goodnewsfromromania.ro\/wp-content\/uploads\/2023\/11\/DadsAroundSessions-3-1536x1025.jpg 1536w, https:\/\/goodnewsfromromania.ro\/wp-content\/uploads\/2023\/11\/DadsAroundSessions-3-2048x1367.jpg 2048w, https:\/\/goodnewsfromromania.ro\/wp-content\/uploads\/2023\/11\/DadsAroundSessions-3-750x501.jpg 750w, https:\/\/goodnewsfromromania.ro\/wp-content\/uploads\/2023\/11\/DadsAroundSessions-3-1140x761.jpg 1140w\" sizes=\"auto, (max-width: 1024px) 100vw, 1024px\" \/><\/figure>\n\n\n\n<p><em>DadsAround &#8211; debate<\/em><\/p>\n\n\n\n<p><strong>C\u00e2\u021bi ta\u021bi divorta\u021bi\/nedivor\u021ba\u021bi vi s-au al\u0103turat \u0219i cu ce g\u00e2nduri vin?<\/strong><\/p>\n\n\n\n<p><em><strong>Ioan Ungureanu:<\/strong> Provocarea noastr\u0103 cea mai mare este s\u0103 ajungem la ta\u021bii divor\u021ba\u021bi. Prima edi\u021bie a workshop-ului a fost \u00eentr-un fel \u0219i un experiment. Nu am promovat deloc evenimentul \u0219i am adus vorba doar cu c\u00e2teva zile \u00eenainte, prin dou\u0103 post\u0103ri organice. Probabil c\u0103 cel mai bun mod de a descrie reac\u021bia ta\u021bilor este momentul \u00een care fotograful a decis s\u0103 lase aparatul din m\u00e2n\u0103, s\u0103 ia loc pe un scaun \u0219i s\u0103 se al\u0103ture conversa\u021biei. Sus\u021binerea pentru proiect este surprinz\u0103tor de puternic\u0103, semn c\u0103 am intuit bine atunci c\u00e2nd am sim\u021bit c\u0103 exist\u0103 o nevoie real\u0103 pentru el. Dar la fel de bine mi se confirm\u0103 o alt\u0103 asump\u021bie \u0219i anume c\u0103 ta\u021bii divor\u021ba\u021bi sunt destul de re\u021binu\u021bi \u00een a ie\u0219i \u00een fa\u021b\u0103.<\/em><\/p>\n\n\n\n<p><em>De fapt, aceasta este \u0219i catalizatorul proiectului \u2013 obiectivul este s\u0103 schimb aceast\u0103 paradigm\u0103. S\u0103 \u00eencerc s\u0103 ar\u0103t ta\u021bilor c\u0103 a discuta despre problemele lor este un lucru vindec\u0103tor. Este natural s\u0103 fii vulnerabil. \u0218i e ok s\u0103 admi\u021bi c\u0103 a prelua rolul de b\u0103rbat care nu pl\u00e2nge niciodat\u0103, care este provider, care car\u0103 \u00eentotdeauna greut\u0103\u021bile este o abordare dep\u0103\u0219it\u0103 \u0219i prea pu\u021bin sustenabil\u0103. La fel de dep\u0103\u0219it\u0103 cred c\u0103 (iar studiile confirm\u0103) este \u0219i atitudinea c\u0103 dac\u0103 e\u0219ti tat\u0103, ai mai mult un rol secund \u00een cre\u0219terea copilului.<\/em><\/p>\n\n\n\n<p><strong>Ce-i lipse\u0219te cel mai mult unui tat\u0103 divor\u021bat dup\u0103 separare?<\/strong><\/p>\n\n\n\n<p><em><strong>Ioan Ungureanu:<\/strong> \u00cen\u021belegerea. Pe de-o parte nu \u00een\u021belegi \u00eencotro s\u0103 o apuci. Pe de alt\u0103 parte nu \u00een\u021belegi exact ce \u021bi se \u00eent\u00e2mpl\u0103. \u00cen acela\u0219i timp, te \u00eent\u00e2lne\u0219ti cu lipsa de \u00een\u021belegere a celor din jur \u2013 \u201etu e\u0219ti tic\u0103losul care a distrus familia; puteai s\u0103 faci mai mult, dar ai preferat s\u0103 pleci\u201d. Prietenii te judec\u0103. Familia te judec\u0103. \u0218i cel mai mult te judeci singur.<br><\/em><br><em>Curajul. Tendin\u021ba este s\u0103 fii bulversat de fric\u0103 \u0219i s\u0103 intri \u00eentr-un sistem defensiv care, din p\u0103cate, se traduce prin distan\u021barea, uneori chiar complet\u0103, de copil.<br>Abordarea subiectului. Subiectul tat\u0103lui divor\u021bat este \u00eenc\u0103 tabu. Vorbim de divor\u021b din perspectiva mamei, a copilului, dar prea pu\u021bin spre deloc despre tat\u0103. Invita\u021bia mea la dezbatere porne\u0219te de la o \u00eentrebare c\u00e2t se poate de important\u0103 pe care mi-o pun mie \u00eensumi \u00een fiecare zi: ce poate face tat\u0103l pentru a-i asigura o dezvoltare puternic\u0103 \u0219i s\u0103n\u0103toas\u0103 copilului? \u00cen ultimul recens\u0103m\u00e2nt, din 2021, ap\u0103reau 186,171 de b\u0103rba\u021bi divor\u021ba\u021bi cu v\u00e2rste cuprinse \u00eentre 20 \u0219i 49 de ani. Iar \u00een 2022, existau peste 272,000 de familii monoparentale. \u00cen acest context, cred c\u0103 este timpul s\u0103 discut\u0103m deschis despre cum ajut\u0103m tat\u0103l s\u0103 se vindece, tocmai pentru a crea o rela\u021bie puternic\u0103 \u0219i s\u0103n\u0103toas\u0103 cu copilul lui. Tocmai pentru a avea o rela\u021bie s\u0103n\u0103toas\u0103 cu mama copilului. Tocmai pentru a fi un b\u0103rbat \u00eemplinit. &nbsp;&nbsp;&nbsp;<\/em><\/p>\n\n\n\n<p><strong>Sim\u021bi\u021bi c\u0103 ta\u021bii divor\u021ba\u021bi sunt o categorie defavorizat\u0103, c\u0103 \u00ee\u0219i g\u0103sesc greu locul?<\/strong><\/p>\n\n\n\n<p><em><strong>Ioan Ungureanu: <\/strong>Cred c\u0103 problema este lipsa de dezbatere, dar \u0219i de informare. Prin prisma facult\u0103\u021bii pe care o fac \u2013 \u0218tiin\u021be Cognitive, Psihologie, UniBuc \u2013 \u00eenv\u0103\u021b o sumedenie de lucruri despre mintea uman\u0103, despre creier \u0219i dezvoltarea lui la copil, despre neuro\u0219tiin\u021ba \u00eenv\u0103\u021b\u0103rii, despre dinamica emo\u021biilor, despre qualia \u0219i perspectiva unic\u0103 a fiec\u0103rui individ. Sunt determinat s\u0103 \u00eemp\u0103rt\u0103\u0219esc c\u00e2t mai mult din cunoa\u0219terea pe care am norocul s\u0103 o accesez. Iar invita\u021bia mea c\u0103tre to\u021bi ta\u021bii este s\u0103 descoperim \u00eempreun\u0103 lucrurile astea.<\/em><\/p>\n\n\n\n<p><em>Eu sunt de p\u0103rere c\u0103 a discuta despre elefan\u021bii din camer\u0103 este o condi\u021bie elementar\u0103 pentru a \u00eencepe s\u0103 tratezi cu adev\u0103rat ni\u0219te r\u0103ni de care, culmea, uneori nici nu e\u0219ti con\u0219tient. Eu asta am f\u0103cut cu mine \u00eensumi \u0219i asta fac \u00een continuare. Sigur, sunt speciali\u0219ti care ar putea vorbi despre traumele trans-genera\u021bionale sau despre o serie de sindroame psiho-emo\u021bionale care ne \u021bin captivi \u00een evitarea con\u0219tientiz\u0103rii reale a problemelor care ne b\u00e2ntuie. Aici eu mai am de \u00eenv\u0103\u021bat, dar sunt norocos s\u0103-l am pe Matei partener. Oricum ar fi, totul cred c\u0103 pleac\u0103 de la dezbatere, de la a pune problema pe mas\u0103 \u0219i asta \u00eencerc\u0103m s\u0103 facem \u00een offline cu atelierul DadsAround Sessions de la Centrul Eka.<\/em><\/p>\n\n\n\n<p><em>\u00cen acela\u0219i timp, se pare c\u0103 sunt \u0219i motive de ordin socio-cultural care au dus la aceast\u0103 \u201ediscriminare\u201d a tat\u0103lui. De exemplu, am aflat c\u0103 teoriile mai vechi ale ata\u0219amentului au sus\u021binut aceast\u0103 diferen\u021biere \u00eentre mam\u0103 \u0219i tat\u0103, inclusiv la nivel \u0219tiin\u021bific. Faptul c\u0103 ata\u0219amentul \u00een accep\u021biunea modern\u0103 este o leg\u0103tur\u0103 dintre copil \u0219i cei care \u00eel cresc \u00een mod implicat, \u0219i nu doar cu mama, ne arat\u0103 c\u0103 dac\u0103 tat\u0103l e prezent suficient de mult, el va crea o leg\u0103tur\u0103 solid\u0103 cu copilul care se reflect\u0103 \u00eentr-o dezvoltare complet\u0103 \u0219i s\u0103n\u0103toas\u0103 pe termen lung. &nbsp;<\/em><\/p>\n\n\n\n<figure class=\"wp-block-image size-large is-resized\"><img loading=\"lazy\" decoding=\"async\" width=\"1024\" height=\"684\" src=\"https:\/\/goodnewsfromromania.ro\/wp-content\/uploads\/2023\/11\/DadsAroundSessions-1-1024x684.jpg\" alt=\"\" class=\"wp-image-778\" style=\"width:845px;height:auto\" srcset=\"https:\/\/goodnewsfromromania.ro\/wp-content\/uploads\/2023\/11\/DadsAroundSessions-1-1024x684.jpg 1024w, https:\/\/goodnewsfromromania.ro\/wp-content\/uploads\/2023\/11\/DadsAroundSessions-1-300x200.jpg 300w, https:\/\/goodnewsfromromania.ro\/wp-content\/uploads\/2023\/11\/DadsAroundSessions-1-768x513.jpg 768w, https:\/\/goodnewsfromromania.ro\/wp-content\/uploads\/2023\/11\/DadsAroundSessions-1-1536x1025.jpg 1536w, https:\/\/goodnewsfromromania.ro\/wp-content\/uploads\/2023\/11\/DadsAroundSessions-1-2048x1367.jpg 2048w, https:\/\/goodnewsfromromania.ro\/wp-content\/uploads\/2023\/11\/DadsAroundSessions-1-750x501.jpg 750w, https:\/\/goodnewsfromromania.ro\/wp-content\/uploads\/2023\/11\/DadsAroundSessions-1-1140x761.jpg 1140w\" sizes=\"auto, (max-width: 1024px) 100vw, 1024px\" \/><\/figure>\n\n\n\n<p><em>DadsAround<\/em> <em>&#8211; locul unde ta\u021bii divor\u021ba\u021bi g\u0103sesc sprijin <\/em><\/p>\n\n\n\n<p><strong>Ce \u00ee\u0219i propune DadsAround s\u0103 schimbe \u00een societatea noastr\u0103?<\/strong><\/p>\n\n\n\n<p><em>Ioan Ungureanu: Paradigma c\u0103 tat\u0103l ocup\u0103 un loc secundar \u00een dezvoltarea copilului. Etichetele pe care societatea le pune ta\u021bilor, indiferent c\u0103 sunt sau nu divor\u021ba\u021bi. Etichetele pe care ta\u021bii \u0219i le pun singuri. Rela\u021bia dintre tat\u0103 \u0219i copil \u0219i, indirect, rela\u021bia dintre el \u0219i mam\u0103. \u0218tiu, sunt lucruri complicate \u0219i de lung\u0103 durat\u0103. Dar eu m\u0103 consider norocos s\u0103 \u00eencep acest demers.<\/em><\/p>\n\n\n\n<p><strong>Din experien\u021ba dvs., se \u00eendep\u0103rteaz\u0103 tat\u0103l dup\u0103 divor\u021b? Dac\u0103 da, de ce?<\/strong><\/p>\n\n\n\n<p><em><strong>Ioan Ungureanu:<\/strong> Am discutat cu fondatorul unei comunit\u0103\u021bi online pentru familii monoparentale despre asta. Sociolog \u0219i profesor, tat\u0103 a trei copii, acesta \u00eemi spunea c\u0103, \u00een experien\u021ba lui, exist\u0103 o pondere mai mare c\u0103tre cei care iau decizia de a se \u00eendep\u0103rta de copil sau copii. Din c\u00e2te \u0219tiu eu, nu exist\u0103 date concludente despre situa\u021bia actual\u0103 din Rom\u00e2nia pe aceast\u0103 tem\u0103.<\/em><\/p>\n\n\n\n<p>Exist\u0103 \u00eens\u0103 o imagine pentru cum s-au produs divor\u021burile \u0219i \u0219tiu c\u0103 ponderea pentru divor\u021burile realizate prin acord comun, adic\u0103 so\u021bii se \u00een\u021beleg amiabil pe condi\u021biile separ\u0103rii.&nbsp;Unul dintre obiectivele proiectului DadsAround este s\u0103 aduc un pic de lumin\u0103 \u00een aceast\u0103 tem\u0103 pe c\u00e2t de important\u0103, pe at\u00e2t de pu\u021bin documentat\u0103. Am realizat un chestionar special pentru asta \u0219i mi-am propus ca pe termen lung s\u0103 invit c\u00e2t mai mul\u021bi ta\u021bi divor\u021ba\u021bi s\u0103 \u00eel parcurg\u0103. \u00cel g\u0103si\u021bi <a href=\"https:\/\/forms.gle\/sxSUTXYhFtxkottt5\">aici<\/a> <\/p>\n\n\n\n<p><strong>\u00cen comunic\u0103rile voastre exist\u0103 un cuv\u00e2nt care ne-a atras aten\u021bia. #supertat\u0103. La ce face\u021bi referire c\u00e2nd spune\u021bi asta?<\/strong><\/p>\n\n\n\n<p><em><strong>Ioan Ungureanu: <\/strong><\/em>Pentru mine un supertat\u0103 \u00eenseamn\u0103 un tat\u0103 care se face retur la cli\u0219eele care \u00eenc\u0103 definesc \u201emeseria\u201d de tat\u0103. Un b\u0103rbat care ia \u00een considerare posibilitatea ca puterea s\u0103 fie de fapt \u00een cunoa\u0219tere, \u00een iubire, nu doar \u00een for\u021b\u0103. Un tat\u0103 care atunci c\u00e2nd \u00ee\u0219i vede b\u0103iatul c\u0103 pl\u00e2nge la poarta gr\u0103dini\u021bei, \u00eel ia \u00een bra\u021be, \u00eei spune c\u0103 \u00eel iube\u0219te \u0219i c\u0103 e ok s\u0103 fie trist. Un b\u0103rbat \u00een toat\u0103 firea care se va l\u0103sa machiat de feti\u021ba lui pentru ora de ceai cu p\u0103pu\u0219ile preferate \u0219i care, nu numai c\u0103 se va bucura, dar va face \u0219i un selfie cu ea.<\/p>\n\n\n\n<p>Un supertat\u0103 este un fel de Clark Kent \u00een societate, la birou, \u00een drum spre cas\u0103, dar care, atunci c\u00e2nd vine vorba de copilul lui, devine Superman. Paradoxal sau nu, eu cred c\u0103 majoritatea ta\u021bilor sunt a\u0219a \u00een profunzime, chiar dac\u0103 nu realizeaz\u0103 mereu asta \u00een mod con\u0219tient. Aici intervin cele dou\u0103 dimensiuni esen\u021biale al proiectului DadsAround: mijloacele cu baz\u0103 \u0219tiin\u021bific\u0103 \u0219i comunitatea. &nbsp;<\/p>\n\n\n\n<p><strong>Ce pa\u0219i urmeaz\u0103 \u00een dezvoltarea DadsAround \u0219i unde v\u0103 pot g\u0103si cei interesa\u021bi?<\/strong><\/p>\n\n\n\n<p><strong><em>Ioan Ungureanu: <\/em><\/strong><em>DadsAround este prezent pe LinkedIn printr-un newsletter \u0219i content publicate cu recuren\u021b\u0103 <a href=\"https:\/\/www.linkedin.com\/newsletters\/7109769568327204864\/\">aici<\/a>. De cur\u00e2nd am ajuns \u0219i pe <a href=\"https:\/\/www.instagram.com\/dadsaroundromania\/\">Instagram<\/a>. Atelierul DadsAround Sessions are deja loc la Eka \u2013 Centrul St\u0103rii de bine, iar rezerv\u0103rile pentru workshopul de pe 25 noiembrie se pot face <a href=\"https:\/\/centruleka.com\/dadsaround-sessions\/\">aici<\/a>. <br>Lucr\u0103m \u00een acest moment la primele episoade din podcast unde vom publica at\u00e2t episoade cu noi doi, Matei \u0219i cu mine, dar \u0219i cu o serie de invita\u021bi \u2013 ta\u021bi, bunici, fii, fiice, speciali\u0219ti, personalit\u0103\u021bi \u0219i practic oricine crede \u00een misiunea proiectului \u0219i poate s\u0103 ne ajute s\u0103 \u00eenv\u0103\u021b\u0103m \u00eempreun\u0103. Podcast-ul va fi lansat p\u00e2n\u0103 la finalul acestui an. <\/em><\/p>\n\n\n\n<p><em>Site-ul este \u00een construc\u021bie, dar am l\u0103sat aceast\u0103 etap\u0103 pe ultimul loc, fiindc\u0103 inten\u021bia mea este s\u0103 ajung c\u00e2t mai repede la ta\u021bii din Rom\u00e2nia pentru a conecta cu ei \u0219i a lucra \u00eempreun\u0103 pe problemele \u0219i provoc\u0103rile reale \u0219i specifice ale fiec\u0103ruia \u00een parte. Un pas la fel de important este identificarea unor parteneriate cu cei care cred \u00een misiunea proiectului \u0219i sunt dispu\u0219i s\u0103 \u00eel sprijine \u2013 obiectivul acestor parteneriate este c\u00e2t se poate de direct: de a ajunge la c\u00e2t mai mul\u021bi ta\u021bi divor\u021ba\u021bi.<\/em><\/p>\n\n\n\n<p><br><br><\/p>\n","protected":false},"excerpt":{"rendered":"<p>Divor\u021b &#8211; cu siguran\u021b\u0103 este un cuv\u00e2nt care sun\u0103 dur \u00een urechile noastre \u0219i totu\u0219i inevitabil \u00een unele cazuri. Clipa separ\u0103rii fizice las\u0103 urme, iar cei care trec printr-un astfel de eveniment simt nevoia de multe ori s\u0103-\u0219i povesteasc\u0103 durerea. Se spune c\u0103 femeile se pricep mai bine la vorbe \u0219i g\u0103sesc rapid consolare ba [&hellip;]<\/p>\n","protected":false},"author":1,"featured_media":776,"comment_status":"open","ping_status":"open","sticky":false,"template":"","format":"standard","meta":{"footnotes":""},"categories":[8],"tags":[234,236,122,235,17,238,237],"class_list":["post-775","post","type-post","status-publish","format-standard","has-post-thumbnail","hentry","category-interviu","tag-dadsaround","tag-divort","tag-goodnewsfromromania","tag-interviu","tag-romania","tag-tati","tag-tati-divortati"],"post_mailing_queue_ids":[],"_links":{"self":[{"href":"https:\/\/goodnewsfromromania.ro\/index.php\/wp-json\/wp\/v2\/posts\/775","targetHints":{"allow":["GET"]}}],"collection":[{"href":"https:\/\/goodnewsfromromania.ro\/index.php\/wp-json\/wp\/v2\/posts"}],"about":[{"href":"https:\/\/goodnewsfromromania.ro\/index.php\/wp-json\/wp\/v2\/types\/post"}],"author":[{"embeddable":true,"href":"https:\/\/goodnewsfromromania.ro\/index.php\/wp-json\/wp\/v2\/users\/1"}],"replies":[{"embeddable":true,"href":"https:\/\/goodnewsfromromania.ro\/index.php\/wp-json\/wp\/v2\/comments?post=775"}],"version-history":[{"count":2,"href":"https:\/\/goodnewsfromromania.ro\/index.php\/wp-json\/wp\/v2\/posts\/775\/revisions"}],"predecessor-version":[{"id":780,"href":"https:\/\/goodnewsfromromania.ro\/index.php\/wp-json\/wp\/v2\/posts\/775\/revisions\/780"}],"wp:featuredmedia":[{"embeddable":true,"href":"https:\/\/goodnewsfromromania.ro\/index.php\/wp-json\/wp\/v2\/media\/776"}],"wp:attachment":[{"href":"https:\/\/goodnewsfromromania.ro\/index.php\/wp-json\/wp\/v2\/media?parent=775"}],"wp:term":[{"taxonomy":"category","embeddable":true,"href":"https:\/\/goodnewsfromromania.ro\/index.php\/wp-json\/wp\/v2\/categories?post=775"},{"taxonomy":"post_tag","embeddable":true,"href":"https:\/\/goodnewsfromromania.ro\/index.php\/wp-json\/wp\/v2\/tags?post=775"}],"curies":[{"name":"wp","href":"https:\/\/api.w.org\/{rel}","templated":true}]}}