{"id":716,"date":"2023-05-24T07:17:20","date_gmt":"2023-05-24T07:17:20","guid":{"rendered":"https:\/\/goodnewsfromromania.ro\/?p=716"},"modified":"2023-05-24T13:13:10","modified_gmt":"2023-05-24T13:13:10","slug":"isabelle-vladoiu-singura-romanca-premiata-de-doi-presedinti-americani-cum-a-devenit-un-nume-important-in-america-in-domeniul-drepturilor-omuluii-la-doar-30-de-ani","status":"publish","type":"post","link":"https:\/\/goodnewsfromromania.ro\/index.php\/2023\/05\/24\/isabelle-vladoiu-singura-romanca-premiata-de-doi-presedinti-americani-cum-a-devenit-un-nume-important-in-america-in-domeniul-drepturilor-omuluii-la-doar-30-de-ani\/","title":{"rendered":"Isabelle Vl\u0103doiu, singura rom\u00e2nc\u0103 premiat\u0103 de doi pre\u0219edin\u021bi americani. Cum a devenit un nume important \u00een America, \u00een domeniul drepturilor omului la doar 30 de ani"},"content":{"rendered":"\n<p>EXCLUSIV!!! Continu\u0103m seria interviurilor cu rom\u00e2ni care ne atrag aten\u021bia. Rom\u00e2ni care inoveaz\u0103, marcheaz\u0103 sau creeaz\u0103 noi orizonturi pentru ei \u0219i pentru cei din jurul lor. Ne uit\u0103m la pa\u0219ii pe care-i fac \u00een domeniile de activitate \u0219i str\u00e2ngem idei pentru o nou\u0103 psihologie a succcesului. &nbsp;<\/p>\n\n\n\n<p>Zilele acestea am stat de vorb\u0103 cu Isabelle Vl\u0103doiu, specialist\u0103 \u00een Drepturile Omului la nivel interna\u021bional \u0219i fondatoarea US Institute of Diplomacy and Human Rights. Locuie\u0219te \u00een America, la Washington, \u0219i de mai bine de o decad\u0103, lucr\u00e2nd \u00een domeniul drepturilor omului, a preg\u0103tit mai mult de 15.000 de persoane \u00een educa\u021bia privind drepturile omului, prevenirea traficului de persoane, diversitate, echitate \u0219i incluziune, precum \u0219i securitate global\u0103.<\/p>\n\n\n\n<p>Are pu\u021bin peste 30 de ani \u0219i este <em><strong>singura rom\u00e2nc\u0103 decorat\u0103 de doi pre\u0219edin\u021bi americani: D. Trump \u0219i J. Biden<\/strong><\/em>. Discu\u021bia cu Isabelle Vl\u0103doiu sper s\u0103 fie pentru voi ce a fost \u0219i pentru mine: inspira\u021bie, bucurie \u0219i \u00eencredere. \u00cencredere \u00een rom\u00e2ni \u0219i-n Rom\u00e2nia! <\/p>\n\n\n\n<p><strong>Vorbe\u0219te-ne pu\u021bin despre \u00eenceputurile tale in America. Cu ce preg\u0103tire ai plecat de aici \u0219i ce ai continuat sa studiezi acolo?<\/strong><\/p>\n\n\n\n<p>Isabelle Vl\u0103doiu: Pe parcursul c\u0103l\u0103toriei mele academice, am avut privilegiul de a studia la institu\u021bii prestigioase at\u00e2t \u00een Rom\u00e2nia, c\u00e2t \u0219i \u00een Statele Unite, ceea ce mi-a oferit o \u00een\u021belegere cuprinz\u0103toare a dreptului \u0219i rela\u021biilor interna\u021bionale. Am ob\u021binut diploma de licen\u021b\u0103 \u00een drept de la Facultatea de Drept a Universit\u0103\u021bii din Bucure\u0219ti, \u00een Rom\u00e2nia. Aceast\u0103 baz\u0103 solid\u0103 \u00een drept m-a echipat cu un cadru legal puternic \u0219i abilit\u0103\u021bi de g\u00e2ndire critic\u0103. A pus bazele pentru eforturile mele viitoare \u00een domeniul drepturilor omului.<\/p>\n\n\n\n<p>Dorind s\u0103-mi l\u0103rgesc orizonturile \u0219i s\u0103 aprofundez \u00een\u021belegerea mea \u00een domeniul dreptului interna\u021bional, am urmat un program de masterat la Universitatea Transilvania din Bra\u0219ov, specializ\u00e2ndu-m\u0103 \u00een Dreptul Interna\u021bional \u0219i European. Acest program mi-a permis s\u0103 explorez cadre legale complexe \u0219i s\u0103 dezvolt o \u00een\u021belegere subtil\u0103 a sistemelor legale globale \u0219i a interac\u021biunii acestora.<\/p>\n\n\n\n<p>Pe l\u00e2ng\u0103 preocup\u0103rile academice \u00een drept, am recunoscut importan\u021ba diploma\u021biei publice \u00een promovarea \u00een\u021belegerii \u0219i colabor\u0103rii \u00eentre na\u021biuni. Pentru a-mi \u00eembun\u0103t\u0103\u021bi cuno\u0219tin\u021bele \u00een acest domeniu, am absolvit un certificat postuniversitar \u00een diploma\u021bie public\u0103, care m-a echipat cu abilit\u0103\u021bi valoroase \u00een comunicare eficient\u0103, negociere \u0219i rela\u021bii interna\u021bionale.<\/p>\n\n\n\n<p>C\u00e2nd am ajuns \u00een Statele Unite, am \u00een\u021beles importan\u021ba de a dob\u00e2ndi o perspectiv\u0103 american\u0103 asupra dreptului \u0219i drepturilor omului. Pentru a realiza acest lucru, m-am \u00eenscris \u00eentr-un alt program de Master \u00een Drept la Facultatea de Drept a Universit\u0103\u021bii de Stat din New York, la Buffalo. Aceast\u0103 experien\u021b\u0103 mi-a furnizat insights valoroase \u00een sistemul juridic american, practicile drepturilor omului \u0219i rela\u021biile interna\u021bionale din perspectiva SUA.<\/p>\n\n\n\n<figure class=\"wp-block-image size-large is-resized\"><img loading=\"lazy\" decoding=\"async\" src=\"https:\/\/goodnewsfromromania.ro\/wp-content\/uploads\/2023\/05\/isabelle_vladoiu_good_news_from_romania_front-1024x1024.jpg\" alt=\"\" class=\"wp-image-717\" width=\"529\" height=\"529\" srcset=\"https:\/\/goodnewsfromromania.ro\/wp-content\/uploads\/2023\/05\/isabelle_vladoiu_good_news_from_romania_front-1024x1024.jpg 1024w, https:\/\/goodnewsfromromania.ro\/wp-content\/uploads\/2023\/05\/isabelle_vladoiu_good_news_from_romania_front-300x300.jpg 300w, https:\/\/goodnewsfromromania.ro\/wp-content\/uploads\/2023\/05\/isabelle_vladoiu_good_news_from_romania_front-150x150.jpg 150w, https:\/\/goodnewsfromromania.ro\/wp-content\/uploads\/2023\/05\/isabelle_vladoiu_good_news_from_romania_front-768x768.jpg 768w, https:\/\/goodnewsfromromania.ro\/wp-content\/uploads\/2023\/05\/isabelle_vladoiu_good_news_from_romania_front-75x75.jpg 75w, https:\/\/goodnewsfromromania.ro\/wp-content\/uploads\/2023\/05\/isabelle_vladoiu_good_news_from_romania_front-350x350.jpg 350w, https:\/\/goodnewsfromromania.ro\/wp-content\/uploads\/2023\/05\/isabelle_vladoiu_good_news_from_romania_front-750x750.jpg 750w, https:\/\/goodnewsfromromania.ro\/wp-content\/uploads\/2023\/05\/isabelle_vladoiu_good_news_from_romania_front-1140x1140.jpg 1140w, https:\/\/goodnewsfromromania.ro\/wp-content\/uploads\/2023\/05\/isabelle_vladoiu_good_news_from_romania_front.jpg 1440w\" sizes=\"auto, (max-width: 529px) 100vw, 529px\" \/><\/figure>\n\n\n\n<p><em>Isabelle Vl\u0103doiu la US Department of State&nbsp;<\/em><\/p>\n\n\n\n<p><strong>Ce te-a motivat s\u0103 lucrezi \u00een domeniul Drepturilor Omului?<\/strong><\/p>\n\n\n\n<p>I. V: Ce m-a motivat s\u0103 lucrez \u00een domeniul Drepturilor Omului a fost un profund sim\u021b al justi\u021biei \u0219i dorin\u021ba de a avea un impact pozitiv \u00een lume. Am fost n\u0103scut\u0103 la doar 16 luni dup\u0103 c\u0103derea regimului comunist al lui Ceau\u0219escu \u0219i am fost martor\u0103 la urmele unui regim represiv, c\u00e2nd bunicii mei erau \u00eenc\u0103 tem\u0103tori s\u0103 foloseasc\u0103 telefonul \u00een cazul \u00een care cineva \u00eei asculta, iar copiii erau ferici\u021bi s\u0103 vad\u0103 o portocal\u0103, considerat\u0103 un produs de lux la acea vreme.<\/p>\n\n\n\n<p>Aceste experien\u021be mi-au conturat \u00een mod profund \u00een\u021belegerea importan\u021bei drepturilor omului \u0219i consecin\u021bele grave ale \u00eenc\u0103lc\u0103rii acestora. Am avut norocul s\u0103 asist la procesul de creare \u0219i extindere a sistemului legal al \u021b\u0103rii mele. Adoptarea unei Constitu\u021bii care a consacrat pentru prima dat\u0103 drepturile fundamentale ale omului, aderarea Rom\u00e2niei la Uniunea European\u0103 \u0219i extinderea drepturilor cet\u0103\u021benilor, precum \u0219i adoptarea \u0219i modificarea noilor coduri civile \u0219i penale, toate acestea m-au motivat profund.<\/p>\n\n\n\n<p>Cu toate acestea, ceea ce m-a motivat cu adev\u0103rat s\u0103 lucrez \u00een domeniul Drepturilor Omului a fost realizarea unei discrepan\u021be semnificative \u00een \u00een\u021belegerea \u0219i con\u0219tientizarea drepturilor omului \u00een r\u00e2ndul popula\u021biei generale. Pe m\u0103sur\u0103 ce mi-am urmat studiile \u0219i mi-am construit cariera \u00een domeniul juridic, am observat tot mai mult lipsa unei educa\u021bii cuprinz\u0103toare cu privire la adev\u0103rata natur\u0103 a drepturilor omului. Mi s-a p\u0103rut injust faptul c\u0103 cineva ar trebui s\u0103 urmeze facultatea de drept \u0219i s\u0103 ob\u021bin\u0103 mai multe diplome de master \u00een drepturile omului doar pentru a avea o \u00een\u021belegere temeinic\u0103 a propriilor drepturi.<\/p>\n\n\n\n<p>Aceast\u0103 realizare a devenit o for\u021b\u0103 motrice pentru mine. Am fost hot\u0103r\u00e2t\u0103 s\u0103 acoper acest vid \u0219i s\u0103 fac educa\u021bia \u00een domeniul drepturilor omului accesibil\u0103 \u0219i \u00een\u021beleas\u0103 de to\u021bi.<\/p>\n\n\n\n<p><strong>Care a fost prima func\u021bie important\u0103 detinut\u0103 in America?<\/strong><\/p>\n\n\n\n<p>I. V: Prima pozi\u021bie important\u0103 pe care am de\u021binut-o \u00een America a fost cea de consultant reputat \u00een domeniul drepturilor omului. De fapt, nu am lucrat niciodat\u0103 \u00eentr-un loc de munc\u0103 tradi\u021bional, ci am avut \u00eentotdeauna un spirit antreprenorial. \u00cen timpul facult\u0103\u021bii de drept, am avut oportunitatea de a asista unul dintre profesorii mei la elaborarea unor documente de drepturi omului adresate Organiza\u021biei Statelor Americane. Aceast\u0103 experien\u021b\u0103 mi-a oferit cuno\u0219tin\u021be practice \u0219i mi-a permis s\u0103 contribui la ini\u021biative importante.<\/p>\n\n\n\n<p>Pe m\u0103sur\u0103 ce mi-am construit o reputa\u021bie \u00een industria drepturilor omului, am devenit c\u0103utat ca consultant. Am avut privilegiul de a lucra cu diverse organiza\u021bii \u0219i entit\u0103\u021bi din New York, inclusiv agen\u021bii de aplicare a legii, oficialit\u0103\u021bi guvernamentale \u0219i companii. Fie c\u0103 am oferit training, sfaturi sau am ajutat la implementarea programelor educa\u021bionale de drepturi omului, am avut interac\u021biuni semnificative cu aceste entit\u0103\u021bi.<\/p>\n\n\n\n<p>Activitatea mea s-a extins dincolo de nivelul local. Am avut onoarea de a colabora cu organiza\u021bii de prestigiu precum Organiza\u021bia Na\u021biunilor Unite \u0219i Organiza\u021bia Statelor Americane. De asemenea, am lucrat \u00eendeaproape cu deputa\u021bi, senatori \u0219i numeroase ONG-uri at\u00e2t \u00een Statele Unite, c\u00e2t \u0219i la nivel interna\u021bional. Aceste parteneriate mi-au permis s\u0103 am un impact mai larg \u0219i s\u0103 contribui la promovarea drepturilor omului la nivel global.<\/p>\n\n\n\n<figure class=\"wp-block-image size-large is-resized\"><img loading=\"lazy\" decoding=\"async\" src=\"https:\/\/goodnewsfromromania.ro\/wp-content\/uploads\/2023\/05\/isabelle_vladoiu_eleanor_roosevelt_prize-1024x1024.jpg\" alt=\"\" class=\"wp-image-722\" width=\"551\" height=\"551\" srcset=\"https:\/\/goodnewsfromromania.ro\/wp-content\/uploads\/2023\/05\/isabelle_vladoiu_eleanor_roosevelt_prize-1024x1024.jpg 1024w, https:\/\/goodnewsfromromania.ro\/wp-content\/uploads\/2023\/05\/isabelle_vladoiu_eleanor_roosevelt_prize-300x300.jpg 300w, https:\/\/goodnewsfromromania.ro\/wp-content\/uploads\/2023\/05\/isabelle_vladoiu_eleanor_roosevelt_prize-150x150.jpg 150w, https:\/\/goodnewsfromromania.ro\/wp-content\/uploads\/2023\/05\/isabelle_vladoiu_eleanor_roosevelt_prize-768x768.jpg 768w, https:\/\/goodnewsfromromania.ro\/wp-content\/uploads\/2023\/05\/isabelle_vladoiu_eleanor_roosevelt_prize-75x75.jpg 75w, https:\/\/goodnewsfromromania.ro\/wp-content\/uploads\/2023\/05\/isabelle_vladoiu_eleanor_roosevelt_prize-350x350.jpg 350w, https:\/\/goodnewsfromromania.ro\/wp-content\/uploads\/2023\/05\/isabelle_vladoiu_eleanor_roosevelt_prize-750x750.jpg 750w, https:\/\/goodnewsfromromania.ro\/wp-content\/uploads\/2023\/05\/isabelle_vladoiu_eleanor_roosevelt_prize-1140x1140.jpg 1140w, https:\/\/goodnewsfromromania.ro\/wp-content\/uploads\/2023\/05\/isabelle_vladoiu_eleanor_roosevelt_prize.jpg 1440w\" sizes=\"auto, (max-width: 551px) 100vw, 551px\" \/><\/figure>\n\n\n\n<p><em>Isabelle Vl\u0103doiu, premiu Eleanor Roosevelt <\/em><\/p>\n\n\n\n<p><strong>E<\/strong><strong>\u0219ti fondator US Institute of Diplomacy and Human Rights SUA. Ce face\u021bi mai exact?<\/strong><\/p>\n\n\n\n<p>I. V: Ca fondator al US Institute of Diplomacy and Human Rights, ne dedic\u0103m promov\u0103rii diploma\u021biei \u0219i ap\u0103r\u0103rii drepturilor omului at\u00e2t \u00een Statele Unite, c\u00e2t \u0219i la nivel interna\u021bional. Ne desf\u0103\u0219ur\u0103m activitatea \u00een domeniul educa\u021biei \u00een drepturile omului, promov\u0103rii politicii \u0219i diploma\u021biei.<\/p>\n\n\n\n<p>Principalele aspecte ale activit\u0103\u021bii noastre includ:<\/p>\n\n\n\n<ul class=\"wp-block-list\">\n<li>Educa\u021bie \u00een drepturile omului: Dezvolt\u0103m \u0219i implement\u0103m programe educa\u021bionale pentru a cre\u0219te nivelul de con\u0219tientizare \u0219i \u00een\u021belegere a drepturilor omului \u00een r\u00e2ndul indivizilor, comunit\u0103\u021bilor \u0219i organiza\u021biilor. Prin ateliere, sesiuni de instruire \u0219i resurse educa\u021bionale, ne propunem s\u0103 oferim oamenilor cuno\u0219tin\u021be despre drepturile lor \u0219i s\u0103 \u00eei \u00eencuraj\u0103m s\u0103 se implice activ \u00een promovarea \u0219i protejarea drepturilor omului.<\/li>\n\n\n\n<li>Advocacy \u00een politici: Colabor\u0103m cu factorii de decizie, agen\u021biile guvernamentale \u0219i organiza\u021biile interna\u021bionale pentru a sus\u021bine dezvoltarea politicilor \u00een domeniul drepturilor omului. Furniz\u0103m expertiz\u0103, cercetare \u0219i recomand\u0103ri pentru sprijinirea elabor\u0103rii \u0219i implement\u0103rii legisla\u021biei \u0219i ini\u021biativelor eficiente privind drepturile omului.<\/li>\n\n\n\n<li>Diploma\u021bie \u0219i rela\u021bii interna\u021bionale: Promov\u0103m dialogul \u0219i cooperarea \u00eentre na\u021biuni, sus\u021bin\u00e2nd diploma\u021bia ca mijloc de abordare a provoc\u0103rilor legate de drepturile omului. Facilit\u0103m discu\u021bii, conferin\u021be \u0219i programe de schimb care aduc \u00eempreun\u0103 diploma\u021bi, cercet\u0103tori, activi\u0219ti \u0219i factori de decizie pentru a schimba idei, a \u00eemp\u0103rt\u0103\u0219i bune practici \u0219i a colabora \u00een promovarea drepturilor omului la nivel global.<\/li>\n\n\n\n<li>Cercetare \u0219i analiz\u0103: Realiz\u0103m cercet\u0103ri privind diverse aspecte ale drepturilor omului \u0219i producem rapoarte, publica\u021bii \u0219i sinteze de politici pentru a contribui la baza de cuno\u0219tin\u021be \u00een acest domeniu. Cercet\u0103rile noastre vizeaz\u0103 furnizarea de \u00een\u021belegeri \u0219i recomand\u0103ri bazate pe dovezi pentru abordarea \u00eenc\u0103lc\u0103rilor drepturilor omului \u0219i promovarea responsabilit\u0103\u021bii.<\/li>\n\n\n\n<li>Colaborare \u0219i parteneriate: Colabor\u0103m activ cu alte organiza\u021bii, ONG-uri, institu\u021bii academice \u0219i mi\u0219c\u0103ri de baz\u0103 pentru a amplifica impactul nostru. Prin lucrul \u00een echip\u0103, putem valorifica expertiza \u0219i resursele colective pentru a milita pentru drepturile omului, a promova justi\u021bia social\u0103 \u0219i a crea schimb\u0103ri durabile.   <\/li>\n<\/ul>\n\n\n\n<figure class=\"wp-block-image size-large is-resized\"><img loading=\"lazy\" decoding=\"async\" src=\"https:\/\/goodnewsfromromania.ro\/wp-content\/uploads\/2023\/05\/isabelle_vladoiu_usidhr-1024x1024.jpg\" alt=\"\" class=\"wp-image-718\" width=\"527\" height=\"527\" srcset=\"https:\/\/goodnewsfromromania.ro\/wp-content\/uploads\/2023\/05\/isabelle_vladoiu_usidhr-1024x1024.jpg 1024w, https:\/\/goodnewsfromromania.ro\/wp-content\/uploads\/2023\/05\/isabelle_vladoiu_usidhr-300x300.jpg 300w, https:\/\/goodnewsfromromania.ro\/wp-content\/uploads\/2023\/05\/isabelle_vladoiu_usidhr-150x150.jpg 150w, https:\/\/goodnewsfromromania.ro\/wp-content\/uploads\/2023\/05\/isabelle_vladoiu_usidhr-768x768.jpg 768w, https:\/\/goodnewsfromromania.ro\/wp-content\/uploads\/2023\/05\/isabelle_vladoiu_usidhr-75x75.jpg 75w, https:\/\/goodnewsfromromania.ro\/wp-content\/uploads\/2023\/05\/isabelle_vladoiu_usidhr-350x350.jpg 350w, https:\/\/goodnewsfromromania.ro\/wp-content\/uploads\/2023\/05\/isabelle_vladoiu_usidhr-750x750.jpg 750w, https:\/\/goodnewsfromromania.ro\/wp-content\/uploads\/2023\/05\/isabelle_vladoiu_usidhr-1140x1140.jpg 1140w, https:\/\/goodnewsfromromania.ro\/wp-content\/uploads\/2023\/05\/isabelle_vladoiu_usidhr.jpg 1440w\" sizes=\"auto, (max-width: 527px) 100vw, 527px\" \/><\/figure>\n\n\n\n<p><em>Isabelle Vl\u0103doiu, la sediul USIDHR, \u00eempreun\u0103 cu Dr. Alvaro Leiva Sanchez<\/em><\/p>\n\n\n\n<p><strong>Ai fost decorat\u0103 de doi pre\u0219edin\u021bi americani. Cum ai fost aleas\u0103 pentru asemenea distinc\u021bii?<\/strong><\/p>\n\n\n\n<p>I. V: Am avut privilegiul extraordinar de a primi nu doar unul, ci dou\u0103 premii distinse de la doi pre\u0219edin\u021bi americani, pre\u0219edintele Trump \u0219i pre\u0219edintele Biden. Aceste premii au o importan\u021b\u0103 semnificativ\u0103 pentru mine, nu doar ca recunoa\u0219tere a realiz\u0103rilor personale, ci \u0219i ca o dovad\u0103 a impactului \u0219i influen\u021bei muncii mele.<\/p>\n\n\n\n<p>The President\u2019s Volunteer Service Award, pentru care am primit Medalia de Aur \u00een 2018 din partea pre\u0219edintelui Trump, este o onoare prestigioas\u0103 care recunoa\u0219te persoanele care au demonstrat un angajament excep\u021bional fa\u021b\u0103 de serviciul comunitar. Pentru a ob\u021bine Medalia de Aur, trebuie s\u0103 dedici peste 500 de ore de voluntariat \u00eentr-un singur an. Aceast\u0103 recunoa\u0219tere reprezint\u0103 nu doar timpul \u0219i efortul substan\u021bial pe care l-am dedicat \u00een slujba celorlal\u021bi, ci \u0219i diferen\u021ba tangibil\u0103 pe care am f\u0103cut-o \u00een comunitatea mea. Este un simbol al valorii acordate voluntariatului \u0219i a schimb\u0103rii pozitive pe care o aduce.<\/p>\n\n\n\n<p>Mai recent, \u00een 2022, am fost profund mi\u0219cat\u0103 s\u0103 primesc un Lifetime Achievement Award din partea pre\u0219edintelui Biden. Aceast\u0103 distinc\u021bie deosebit\u0103 recunoa\u0219te impactul \u0219i importan\u021ba acumulat\u0103 a muncii mele de-a lungul anilor. Ea apreciaz\u0103 contribu\u021biile durabile pe care le-am adus \u00een avansarea umanit\u0103\u021bii, promovarea valorilor americane \u0219i lupta pentru schimb\u0103ri pozitive. A fi distins\u0103 cu un premiu pentru realiz\u0103ri de-o via\u021b\u0103 este o dovad\u0103 a efectelor de durat\u0103 \u0219i extinse ale eforturilor mele \u00een domeniul drepturilor omului \u0219i diploma\u021biei.<\/p>\n\n\n\n<p>Ceea ce face aceste onoruri \u0219i mai remarcabile este faptul c\u0103 sunt <em><strong>singura rom\u00e2nc\u0103 care a primit dou\u0103 premii de la doi pre\u0219edin\u021bi americani<\/strong><\/em>. Aceast\u0103 distinc\u021bie eviden\u021biaz\u0103 caracterul excep\u021bional al realiz\u0103rilor mele \u0219i recunoa\u0219terea pe care am primit-o la nivel interna\u021bional. Este o surs\u0103 de m\u00e2ndrie pentru mine \u0219i \u00eent\u0103re\u0219te importan\u021ba muncii mele \u00een domeniul drepturilor omului \u0219i diploma\u021biei.<\/p>\n\n\n\n<p>Aceste premii nu reprezint\u0103 doar realiz\u0103ri personale, ci \u0219i simboluri de \u00eencurajare \u0219i inspira\u021bie pentru alti tineri.<\/p>\n\n\n\n<figure class=\"wp-block-image size-large is-resized\"><img loading=\"lazy\" decoding=\"async\" src=\"https:\/\/goodnewsfromromania.ro\/wp-content\/uploads\/2023\/05\/isabelle_vladoiu_prize-819x1024.jpg\" alt=\"\" class=\"wp-image-719\" width=\"541\" height=\"676\" srcset=\"https:\/\/goodnewsfromromania.ro\/wp-content\/uploads\/2023\/05\/isabelle_vladoiu_prize-819x1024.jpg 819w, https:\/\/goodnewsfromromania.ro\/wp-content\/uploads\/2023\/05\/isabelle_vladoiu_prize-240x300.jpg 240w, https:\/\/goodnewsfromromania.ro\/wp-content\/uploads\/2023\/05\/isabelle_vladoiu_prize-768x960.jpg 768w, https:\/\/goodnewsfromromania.ro\/wp-content\/uploads\/2023\/05\/isabelle_vladoiu_prize-1229x1536.jpg 1229w, https:\/\/goodnewsfromromania.ro\/wp-content\/uploads\/2023\/05\/isabelle_vladoiu_prize-750x938.jpg 750w, https:\/\/goodnewsfromromania.ro\/wp-content\/uploads\/2023\/05\/isabelle_vladoiu_prize-1140x1425.jpg 1140w, https:\/\/goodnewsfromromania.ro\/wp-content\/uploads\/2023\/05\/isabelle_vladoiu_prize.jpg 1440w\" sizes=\"auto, (max-width: 541px) 100vw, 541px\" \/><\/figure>\n\n\n\n<p><em>Isabelle Vl\u0103doiu,<\/em> <em>la sediul USIDHR<\/em>, <em>cu cele dou\u0103 distinc\u021bii primite <\/em><\/p>\n\n\n\n<p><strong>Cum se vede Rom\u00e2nia din America? Crezi c\u0103 s-a schimbat \u00een vreun fel?<\/strong><\/p>\n\n\n\n<p>I. V: C\u00e2nd m-am mutat pentru prima dat\u0103 \u00een Statele Unite, am avut ocazia s\u0103 observ cum este perceput\u0103 Rom\u00e2nia de la distan\u021b\u0103. Unii americani pot avea stereotipuri \u00eenvechite sau concep\u021bii gre\u0219ite despre Rom\u00e2nia, asociind-o cu contextul istoric al perioadei comuniste. \u00cen acea perioad\u0103, am f\u0103cut c\u00e2teva c\u0103l\u0103torii acas\u0103, dar apoi am avut o pauz\u0103 de \u0219apte ani \u00een care nu am mai vizitat deloc \u021bara. C\u00e2nd m-am \u00eentors \u00een Rom\u00e2nia anul trecut, am avut o experien\u021b\u0103 mixt\u0103.<\/p>\n\n\n\n<p>Din perspectiva mea ca cineva care c\u0103l\u0103tore\u0219te mult \u0219i este considerat un expert \u00een domeniul meu, a fost gratifiant s\u0103 v\u0103d aprecierea \u0219i recunoa\u0219terea pe care Rom\u00e2nia le prime\u0219te. Am putut s\u0103 observ schimb\u0103rile care au avut loc, cu unele ora\u0219e \u00een plin\u0103 prosperitate \u0219i avansuri \u00een diverse domenii. Am realizat c\u0103 Rom\u00e2nia a ajuns la acela\u0219i nivel de dezvoltare ca \u0219i Statele Unite. Nu exist\u0103 nimic \u00een America care s\u0103 nu existe, probabil, \u0219i \u00een Rom\u00e2nia.<\/p>\n\n\n\n<p>Cu toate acestea, odat\u0103 cu evolu\u021bia lumii, apar noi provoc\u0103ri \u0219i amenin\u021b\u0103ri. Un domeniu \u00een care Rom\u00e2nia \u00eenc\u0103 se confrunt\u0103 cu provoc\u0103ri este sistemul s\u0103u educa\u021bional, \u00een special \u00een \u0219colile primare \u0219i nivelul de litera\u021bie al tinerilor. Este important s\u0103 abord\u0103m aceste probleme \u0219i s\u0103 moderniz\u0103m sistemul educa\u021bional pentru a asigura c\u0103 elevii primesc o educa\u021bie de calitate care s\u0103-i preg\u0103teasc\u0103 pentru cerin\u021bele lumii moderne. \u00cen plus, traficul de persoane r\u0103m\u00e2ne o problem\u0103 persistent\u0103 care a afectat Rom\u00e2nia. Eu continui sa lupt activ \u00eempotriva acestei probleme \u0219i s\u0103 men\u021bin contact permanent cu persoane \u0219i organiza\u021bii din Rom\u00e2nia dedicate combaterii acestui fenomen. Sunt de asemenea con\u0219tient\u0103 \u0219i de provoc\u0103rile legate de adop\u021bii.<\/p>\n\n\n\n<p>\u00cen ciuda distan\u021bei fizice, am men\u021binut \u00eentotdeauna leg\u0103turi cu Rom\u00e2nia prin rela\u021bia mea cu Ambasada Rom\u00e2niei din Washington, D.C., \u0219i comunitatea diasporei. Mai mult, \u00een colaborarea mea cu agen\u021biile \u0219i institu\u021biile statelor americane, m\u0103 str\u0103duiesc s\u0103 fiu la curent cu situa\u021bia din Rom\u00e2nia \u0219i s\u0103 ofer asisten\u021b\u0103 acolo unde este posibil.<\/p>\n\n\n\n<p>\u00cen ansamblu, cred c\u0103 Rom\u00e2nia a \u00eenregistrat progrese remarcabile, dar exist\u0103 \u00eenc\u0103 domenii care necesit\u0103 aten\u021bie \u0219i \u00eembun\u0103t\u0103\u021bire. Prin abordarea acestor provoc\u0103ri \u0219i lucr\u00e2nd \u00eempreun\u0103, putem contribui la un viitor mai bun pentru Rom\u00e2nia \u0219i cet\u0103\u021benii s\u0103i.<\/p>\n\n\n\n<figure class=\"wp-block-image size-large is-resized\"><img loading=\"lazy\" decoding=\"async\" src=\"https:\/\/goodnewsfromromania.ro\/wp-content\/uploads\/2023\/05\/isabelle_vladoiu_goodnewsfromromania_usidhr-1024x1010.jpg\" alt=\"\" class=\"wp-image-720\" width=\"552\" height=\"545\" srcset=\"https:\/\/goodnewsfromromania.ro\/wp-content\/uploads\/2023\/05\/isabelle_vladoiu_goodnewsfromromania_usidhr-1024x1010.jpg 1024w, https:\/\/goodnewsfromromania.ro\/wp-content\/uploads\/2023\/05\/isabelle_vladoiu_goodnewsfromromania_usidhr-300x296.jpg 300w, https:\/\/goodnewsfromromania.ro\/wp-content\/uploads\/2023\/05\/isabelle_vladoiu_goodnewsfromromania_usidhr-768x758.jpg 768w, https:\/\/goodnewsfromromania.ro\/wp-content\/uploads\/2023\/05\/isabelle_vladoiu_goodnewsfromromania_usidhr-75x75.jpg 75w, https:\/\/goodnewsfromromania.ro\/wp-content\/uploads\/2023\/05\/isabelle_vladoiu_goodnewsfromromania_usidhr-750x740.jpg 750w, https:\/\/goodnewsfromromania.ro\/wp-content\/uploads\/2023\/05\/isabelle_vladoiu_goodnewsfromromania_usidhr-1140x1125.jpg 1140w, https:\/\/goodnewsfromromania.ro\/wp-content\/uploads\/2023\/05\/isabelle_vladoiu_goodnewsfromromania_usidhr.jpg 1440w\" sizes=\"auto, (max-width: 552px) 100vw, 552px\" \/><\/figure>\n\n\n\n<p><em>Isabelle Vl\u0103doiu, Washington<\/em><\/p>\n\n\n\n<p><strong>Rom\u00e2nia, din punct de vedere profesional, intr\u0103 \u00een planurile tale de viitor? <\/strong><\/p>\n\n\n\n<p>I. V: Da, Rom\u00e2nia face cu siguran\u021b\u0103 parte din planurile mele de viitor dintr-o perspectiv\u0103 profesional\u0103. Am stabilit \u0219i men\u021binut contacte cu diverse organiza\u021bii private, institu\u021bii, persoane \u0219i chiar organiza\u021bii guvernamentale din Rom\u00e2nia. M\u0103 \u00eent\u00e2lnesc frecvent cu mini\u0219tri sau parlamentari \u00een timpul Adun\u0103rii Generale a Na\u021biunilor Unite, discut\u00e2nd probleme importante \u0219i posibile colabor\u0103ri.<\/p>\n\n\n\n<p>\u00cen timpul vizitei mele \u00een Rom\u00e2nia anul trecut, am contribuit activ la asistarea refugia\u021bilor ucraineni \u0219i, prin aceast\u0103 experien\u021b\u0103, am dezvoltat colabor\u0103ri cu ONG-uri precum Pro Afaceri Rom\u00e2nia \u0219i Prim\u0103ria Bra\u0219ov. De asemenea, prin organiza\u021bia mea, US Institute of Diplomacy and Human Rights (USIDHR), am avut un impact semnificativ prin oferirea de sprijin pentru sute de copii provenind din familii cu venituri reduse din Rom\u00e2nia. Acest sprijin include furnizarea de materiale \u0219colare, burse \u0219i mese \u00een timpul \u0219colii, pentru a le asigura accesul la educa\u021bie.<\/p>\n\n\n\n<p>Sunt hot\u0103r\u00e2ta s\u0103 continui colabor\u0103rile \u0219i parteneriatele mele \u00een Rom\u00e2nia, lucr\u00e2nd \u00een direc\u021bia \u00eembun\u0103t\u0103\u021birii societ\u0103\u021bii \u0219i promov\u0103rii drepturilor omului. Rom\u00e2nia ocup\u0103 un loc special \u00een inima mea, iar prin eforturi colective putem crea schimb\u0103ri pozitive \u0219i putem \u00eemputernici indivizii \u0219i comunit\u0103\u021bile din \u021bar\u0103.<\/p>\n\n\n\n<p><strong>Ai f\u0103cut pasul \u0219i c\u0103tre zona autorilor. Cele dou\u0103 c\u0103r\u021bi scrise sunt bestseller-uri pe Amazon. Ce putem \u00eenv\u0103\u021ba din ele?<\/strong><\/p>\n\n\n\n<p>I. V: Da, aceste c\u0103r\u021bi ofer\u0103 perspective valoroase \u0219i lec\u021bii pe care cititorii le pot aplica \u00een via\u021ba lor personal\u0103 \u0219i profesional\u0103.<\/p>\n\n\n\n<p>\u00cen &#8222;Business Etiquette Secrets,&#8221; cititorii vor descoperi o ghid complet pentru a st\u0103p\u00e2ni arta etichetei \u00een afaceri. Aceast\u0103 carte abordeaz\u0103 importan\u021ba comunic\u0103rii orale \u0219i scrise, eticheta adecvat\u0103 pentru c\u0103r\u021bile de vizit\u0103 de afaceri, navigarea \u00een evenimentele sociale, g\u0103zduirea oaspe\u021bilor, respectarea codurilor vestimentare \u0219i eticheta la mas\u0103. Prin urmarea instruc\u021biunilor pas cu pas, cititorii pot \u00eenv\u0103\u021ba cum s\u0103 lase o impresie durabil\u0103 asupra persoanelor influente \u0219i s\u0103 se deosebeasc\u0103 \u00een orice mediu profesional. &#8222;Business Etiquette Secrets&#8221; serve\u0219te ca un instrument indispensabil pentru cei care doresc s\u0103 exceleze \u00een carierele lor sau \u00een afaceri.<\/p>\n\n\n\n<p>Pe de alt\u0103 parte, cartea mea &#8222;How to Become a Human Rights Professional&#8221; serve\u0219te ca un ghid de cariera pentru persoanele interesate de advocacy \u00een domeniul drepturilor omului. Baz\u00e2ndu-m\u0103 pe experien\u021ba mea extins\u0103 ca specialist \u00een drepturile omului, aceast\u0103 carte practic abordeaz\u0103 diferite subiecte, cum ar fi \u00een\u021belegerea diferen\u021bei dintre drepturile omului \u0219i drepturile civile, importan\u021ba educa\u021biei \u00een domeniul drepturilor omului, \u00eenfiin\u021barea propriei organiza\u021bii neguvernamentale, furnizarea serviciilor de consultan\u021b\u0103 \u00een drepturile omului, organizarea de traininguri \u00een drepturile omului \u0219i implicarea \u00een promovarea legislativ\u0103. Cititorii vor ob\u021bine perspective practice \u0219i vor dob\u00e2ndi cuno\u0219tin\u021bele \u0219i abilit\u0103\u021bile necesare pentru a-\u0219i avansa carierele \u00een domeniul drepturilor omului, fie c\u0103 \u00ee\u0219i doresc s\u0103 fie avoca\u021bi, consultan\u021bi sau fondatori de ONG-uri.<\/p>\n\n\n\n<p>Ambele c\u0103r\u021bi \u00ee\u0219i propun s\u0103 aduca cititorilor sfaturi practice, strategii \u0219i lec\u021bii valoroase care pot fi aplicate \u00een scenarii reale. Ele servesc drept resurse valoroase pentru persoanele \u00een c\u0103utarea dezvolt\u0103rii personale \u0219i profesionale, oferind \u00eendrumare \u0219i inspira\u021bie celor care doresc s\u0103 exceleze \u00een domeniile lor respective.<\/p>\n\n\n\n<figure class=\"wp-block-image size-large is-resized\"><img loading=\"lazy\" decoding=\"async\" src=\"https:\/\/goodnewsfromromania.ro\/wp-content\/uploads\/2023\/05\/isabelle_vladoiu_carte-819x1024.jpg\" alt=\"\" class=\"wp-image-721\" width=\"559\" height=\"699\" srcset=\"https:\/\/goodnewsfromromania.ro\/wp-content\/uploads\/2023\/05\/isabelle_vladoiu_carte-819x1024.jpg 819w, https:\/\/goodnewsfromromania.ro\/wp-content\/uploads\/2023\/05\/isabelle_vladoiu_carte-240x300.jpg 240w, https:\/\/goodnewsfromromania.ro\/wp-content\/uploads\/2023\/05\/isabelle_vladoiu_carte-768x960.jpg 768w, https:\/\/goodnewsfromromania.ro\/wp-content\/uploads\/2023\/05\/isabelle_vladoiu_carte-1229x1536.jpg 1229w, https:\/\/goodnewsfromromania.ro\/wp-content\/uploads\/2023\/05\/isabelle_vladoiu_carte-750x938.jpg 750w, https:\/\/goodnewsfromromania.ro\/wp-content\/uploads\/2023\/05\/isabelle_vladoiu_carte-1140x1425.jpg 1140w, https:\/\/goodnewsfromromania.ro\/wp-content\/uploads\/2023\/05\/isabelle_vladoiu_carte.jpg 1440w\" sizes=\"auto, (max-width: 559px) 100vw, 559px\" \/><\/figure>\n\n\n\n<p><em>Isabelle Vl\u0103doiu, sesiune de autografe la lansarea c\u0103r\u021bii, \u00een SUA <\/em><\/p>\n\n\n\n<p><strong>Ai vreo carte care \u021bi-a pl\u0103cut \u00een mod special, te-a schimbat \u00een bine, \u0219i ai vrea s\u0103 o recomanzi \u0219i celor care citesc acest interviu?<\/strong><\/p>\n\n\n\n<p>I.V: Da, exist\u0103 o carte pe care o apreciez \u00een mod deosebit \u0219i care mi-a influen\u021bat \u00een mod profund via\u021ba. Este intitulat\u0103 \u201cOmul in c\u0103utarea sensului vietii&#8221; \u0219i a fost scris\u0103 de Viktor E. Frankl. Aceast\u0103 carte exploreaz\u0103 experien\u021bele autorului ca prizonier \u00een lag\u0103rele de concentrare naziste \u00een timpul celui de-al Doilea R\u0103zboi Mondial \u0219i se ad\u00e2nce\u0219te \u00een aspectele psihologice \u0219i filozofice ale existen\u021bei umane.<\/p>\n\n\n\n<p>Prin propriile sale experien\u021be cumplite, Frankl reflect\u0103 asupra sensului vie\u021bii, c\u0103ut\u0103rii de sens \u0219i importan\u021bei de a g\u0103si sens chiar \u0219i \u00een cele mai dificile circumstan\u021be. Cartea subliniaz\u0103 puterea rezilien\u021bei, speran\u021bei \u0219i spiritului uman \u00een dep\u0103\u0219irea adversit\u0103\u021bilor.<\/p>\n\n\n\n<p>Cartea aceasta mi-a oferit lec\u021bii valoroase despre puterea min\u021bii umane, importan\u021ba g\u0103sirii unui scop \u00een via\u021b\u0103 \u0219i necesitatea de a men\u021bine o perspectiv\u0103 pozitiv\u0103 chiar \u0219i \u00een fa\u021ba dificult\u0103\u021bilor extreme. Aceasta mi-a reamintit de demnitatea \u0219i poten\u021bialul inherent din fiecare individ, indiferent de circumstan\u021be.<\/p>\n\n\n\n<p>Recomand cu c\u0103ldur\u0103 aceast\u0103 carte cititorilor, deoarece ofer\u0103 \u00een\u021belepciune profund\u0103 despre condi\u021bia uman\u0103 \u0219i \u00eencurajeaz\u0103 introspec\u021bia \u0219i cre\u0219terea personal\u0103. Are capacitatea de a inspira \u0219i de a transforma perspectiva asupra vie\u021bii, reamintindu-ne de rezilien\u021ba \u0219i capacitatea de a g\u0103si sens care exist\u0103 \u00een fiecare dintre noi.<\/p>\n\n\n\n<p>Activitatea profesional\u0103 desf\u0103\u0219urat\u0103 de Isabelle Vl\u0103doiu o pute\u021bi g\u0103si \u0219i aici: <\/p>\n\n\n\n<p>Links: <a href=\"http:\/\/www.isabellevladoiu.com\">www.isabellevladoiu.com<\/a><\/p>\n\n\n\n<p><a href=\"http:\/\/www.usidhr.org\">www.usidhr.org<\/a><\/p>\n\n\n\n<p><a href=\"https:\/\/www.instagram.com\/isabellevladoiu\/\">https:\/\/www.instagram.com\/isabellevladoiu\/<\/a><\/p>\n\n\n\n<p><em><strong>Mul\u021bumim, Isabelle Vl\u0103doiu pentru timpul acord \u0219i pentru doza de inspira\u021bie. Keep up with the #goodnewsfromromania!<\/strong><\/em><\/p>\n","protected":false},"excerpt":{"rendered":"<p>EXCLUSIV!!! Continu\u0103m seria interviurilor cu rom\u00e2ni care ne atrag aten\u021bia. Rom\u00e2ni care inoveaz\u0103, marcheaz\u0103 sau creeaz\u0103 noi orizonturi pentru ei \u0219i pentru cei din jurul lor. Ne uit\u0103m la pa\u0219ii pe care-i fac \u00een domeniile de activitate \u0219i str\u00e2ngem idei pentru o nou\u0103 psihologie a succcesului. &nbsp; Zilele acestea am stat de vorb\u0103 cu Isabelle [&hellip;]<\/p>\n","protected":false},"author":1,"featured_media":723,"comment_status":"open","ping_status":"open","sticky":false,"template":"","format":"standard","meta":{"footnotes":""},"categories":[8],"tags":[211,210,122,209,212,17,213],"class_list":["post-716","post","type-post","status-publish","format-standard","has-post-thumbnail","hentry","category-interviu","tag-america","tag-drepturile-omului","tag-goodnewsfromromania","tag-isabelle-vladoiu","tag-onu","tag-romania","tag-us-institute-of-diplomacy-and-human-rights-sua"],"post_mailing_queue_ids":[],"_links":{"self":[{"href":"https:\/\/goodnewsfromromania.ro\/index.php\/wp-json\/wp\/v2\/posts\/716","targetHints":{"allow":["GET"]}}],"collection":[{"href":"https:\/\/goodnewsfromromania.ro\/index.php\/wp-json\/wp\/v2\/posts"}],"about":[{"href":"https:\/\/goodnewsfromromania.ro\/index.php\/wp-json\/wp\/v2\/types\/post"}],"author":[{"embeddable":true,"href":"https:\/\/goodnewsfromromania.ro\/index.php\/wp-json\/wp\/v2\/users\/1"}],"replies":[{"embeddable":true,"href":"https:\/\/goodnewsfromromania.ro\/index.php\/wp-json\/wp\/v2\/comments?post=716"}],"version-history":[{"count":3,"href":"https:\/\/goodnewsfromromania.ro\/index.php\/wp-json\/wp\/v2\/posts\/716\/revisions"}],"predecessor-version":[{"id":726,"href":"https:\/\/goodnewsfromromania.ro\/index.php\/wp-json\/wp\/v2\/posts\/716\/revisions\/726"}],"wp:featuredmedia":[{"embeddable":true,"href":"https:\/\/goodnewsfromromania.ro\/index.php\/wp-json\/wp\/v2\/media\/723"}],"wp:attachment":[{"href":"https:\/\/goodnewsfromromania.ro\/index.php\/wp-json\/wp\/v2\/media?parent=716"}],"wp:term":[{"taxonomy":"category","embeddable":true,"href":"https:\/\/goodnewsfromromania.ro\/index.php\/wp-json\/wp\/v2\/categories?post=716"},{"taxonomy":"post_tag","embeddable":true,"href":"https:\/\/goodnewsfromromania.ro\/index.php\/wp-json\/wp\/v2\/tags?post=716"}],"curies":[{"name":"wp","href":"https:\/\/api.w.org\/{rel}","templated":true}]}}