{"id":679,"date":"2023-04-20T11:57:19","date_gmt":"2023-04-20T11:57:19","guid":{"rendered":"https:\/\/goodnewsfromromania.ro\/?p=679"},"modified":"2023-04-20T11:57:20","modified_gmt":"2023-04-20T11:57:20","slug":"primaria-sectorului-2-al-capitalei-transformam-o-fosta-sectie-de-politie-locala-in-centru-de-zi-pentru-copiii-defavorizati","status":"publish","type":"post","link":"https:\/\/goodnewsfromromania.ro\/index.php\/2023\/04\/20\/primaria-sectorului-2-al-capitalei-transformam-o-fosta-sectie-de-politie-locala-in-centru-de-zi-pentru-copiii-defavorizati\/","title":{"rendered":"Prim\u0103ria Sectorului 2 al Capitalei transform\u0103m o fost\u0103 sec\u0163ie de poli\u0163ie local\u0103 \u00een centru de zi pentru copiii defavoriza\u021bi"},"content":{"rendered":"\n<p>Prim\u0103ria Sectorului 2 al Capitalei amenajeaz\u0103 un nou centru de zi pentru copiii defavoriza\u021bi din zona Tei-Toboc \u015fi Petricani, afla\u021bi \u00een risc de separare de p\u0103rin\u021bi, scriu ace\u0219tia pe un site de socializare. <\/p>\n\n\n\n<p>Prim\u0103ria de sector transform\u0103 o fost\u0103 sec\u0163ie de poli\u0163ie local\u0103 \u00eentr-un punct de lucru al Direc\u021biei Generale de Asisten\u021b\u0103 Social\u0103 \u0219i Protec\u021bia Copilului Sector 2, loc \u00een care se vor desf\u0103\u015fura &nbsp;activit\u0103\u0163i de asisten\u0163\u0103 social\u0103.<\/p>\n\n\n\n<p>Centrul de zi va fi amenajat pe strada Paro\u015feni nr. 26, iar imobilul este compus dintr-un teren cu o suprafa\u0163\u0103 de 273 de metri p\u0103tra\u0163i \u015fi o construc\u0163ie cu o amprent\u0103 la sol de 51 de metri p\u0103tra\u0163i.<\/p>\n\n\n\n<p>Prim\u0103ria Sectorului 2 Bucure\u0219ti mai noteaz\u0103 c\u0103 pentru a func\u0163iona, construc\u0163ia trebuie extins\u0103 pe vertical\u0103, prin etajarea \u015fi mansardarea cl\u0103dirii. Astfel, cl\u0103direa va cuprinde dou\u0103 s\u0103li de curs, dou\u0103 grupuri sanitare, dar \u015fi spa\u0163ii administrative. Totodat\u0103 ca aceast\u0103 investi\u0163ie s\u0103 se fac\u0103 din fonduri europene este necesar ca Prim\u0103ria Sectorului 2 s\u0103 demonstreze dreptul de proprietate public\u0103 sau dreptul de administrare asupra imobilului. <\/p>\n\n\n\n<p>Sursa foto: Primaria Sectorului 2 <\/p>\n","protected":false},"excerpt":{"rendered":"<p>Prim\u0103ria Sectorului 2 al Capitalei amenajeaz\u0103 un nou centru de zi pentru copiii defavoriza\u021bi din zona Tei-Toboc \u015fi Petricani, afla\u021bi \u00een risc de separare de p\u0103rin\u021bi, scriu ace\u0219tia pe un site de socializare. Prim\u0103ria de sector transform\u0103 o fost\u0103 sec\u0163ie de poli\u0163ie local\u0103 \u00eentr-un punct de lucru al Direc\u021biei Generale de Asisten\u021b\u0103 Social\u0103 \u0219i Protec\u021bia [&hellip;]<\/p>\n","protected":false},"author":1,"featured_media":680,"comment_status":"open","ping_status":"open","sticky":false,"template":"","format":"standard","meta":{"footnotes":""},"categories":[6,3],"tags":[186,188,187,18,185,17],"class_list":["post-679","post","type-post","status-publish","format-standard","has-post-thumbnail","hentry","category-educatie","category-stiri","tag-bucuresti","tag-centru-de-zi-copii-sector-2","tag-dgaspc-sector-2","tag-good-news-from-romania","tag-primaria-sectorului-2","tag-romania"],"post_mailing_queue_ids":[],"_links":{"self":[{"href":"https:\/\/goodnewsfromromania.ro\/index.php\/wp-json\/wp\/v2\/posts\/679","targetHints":{"allow":["GET"]}}],"collection":[{"href":"https:\/\/goodnewsfromromania.ro\/index.php\/wp-json\/wp\/v2\/posts"}],"about":[{"href":"https:\/\/goodnewsfromromania.ro\/index.php\/wp-json\/wp\/v2\/types\/post"}],"author":[{"embeddable":true,"href":"https:\/\/goodnewsfromromania.ro\/index.php\/wp-json\/wp\/v2\/users\/1"}],"replies":[{"embeddable":true,"href":"https:\/\/goodnewsfromromania.ro\/index.php\/wp-json\/wp\/v2\/comments?post=679"}],"version-history":[{"count":1,"href":"https:\/\/goodnewsfromromania.ro\/index.php\/wp-json\/wp\/v2\/posts\/679\/revisions"}],"predecessor-version":[{"id":681,"href":"https:\/\/goodnewsfromromania.ro\/index.php\/wp-json\/wp\/v2\/posts\/679\/revisions\/681"}],"wp:featuredmedia":[{"embeddable":true,"href":"https:\/\/goodnewsfromromania.ro\/index.php\/wp-json\/wp\/v2\/media\/680"}],"wp:attachment":[{"href":"https:\/\/goodnewsfromromania.ro\/index.php\/wp-json\/wp\/v2\/media?parent=679"}],"wp:term":[{"taxonomy":"category","embeddable":true,"href":"https:\/\/goodnewsfromromania.ro\/index.php\/wp-json\/wp\/v2\/categories?post=679"},{"taxonomy":"post_tag","embeddable":true,"href":"https:\/\/goodnewsfromromania.ro\/index.php\/wp-json\/wp\/v2\/tags?post=679"}],"curies":[{"name":"wp","href":"https:\/\/api.w.org\/{rel}","templated":true}]}}