{"id":647,"date":"2023-04-18T08:23:31","date_gmt":"2023-04-18T08:23:31","guid":{"rendered":"https:\/\/goodnewsfromromania.ro\/?p=647"},"modified":"2023-04-18T08:23:31","modified_gmt":"2023-04-18T08:23:31","slug":"aparitie-rara-in-parcul-natural-bucegi-o-caprioara-complet-alba-a-fost-surprinsa-de-camerele-de-monitorizare","status":"publish","type":"post","link":"https:\/\/goodnewsfromromania.ro\/index.php\/2023\/04\/18\/aparitie-rara-in-parcul-natural-bucegi-o-caprioara-complet-alba-a-fost-surprinsa-de-camerele-de-monitorizare\/","title":{"rendered":"Apari\u021bie rar\u0103 \u00een Parcul Natural Bucegi. O c\u0103prioar\u0103 complet alb\u0103 a fost surprins\u0103 de camerele de monitorizare"},"content":{"rendered":"\n<p>Camerele de monitorizare a faunei din Parcul Natural Bucegi au surprins o c\u0103prioar\u0103 complet alb\u0103, scriu cei de la Romsilva.<\/p>\n\n\n\n<p>Coloritul bl\u0103nii este dat de albinism, o tulburare genetic\u0103, caracterizat\u0103 prin lipsa sau producerea unei cantit\u0103\u021bi foarte mici de melanin\u0103, pigmentul responsabil cu colorarea pielii, a ochilor \u0219i a p\u0103rului.<\/p>\n\n\n\n<p>Din cauza albinismului multe animale \u00ee\u0219i pierd capacitatea de a se camufla \u0219i nu se pot ascunde de pr\u0103d\u0103tori sau v\u00e2na prada. Rata de supravie\u021buire a animalelor cu albinism \u00een s\u0103lb\u0103ticie este de obicei foarte mic\u0103.<\/p>\n\n\n\n<p>Albinismul nu este o boal\u0103 sau rezultatul vreunei muta\u0163ii genetice, ci are loc din cauza unei dezordini congenitale hipo-pigmentare, caracterizat\u0103 de absen\u021ba par\u021bial\u0103 sau total\u0103 a melaninei, pigmentul natural . <\/p>\n\n\n\n<figure class=\"wp-block-gallery has-nested-images columns-default is-cropped wp-block-gallery-1 is-layout-flex wp-block-gallery-is-layout-flex\">\n<figure class=\"wp-block-image size-large\"><img loading=\"lazy\" decoding=\"async\" width=\"1024\" height=\"768\" data-id=\"651\" src=\"https:\/\/goodnewsfromromania.ro\/wp-content\/uploads\/2023\/04\/caprioara-alba-romsilva-3-1024x768.jpg\" alt=\"\" class=\"wp-image-651\" srcset=\"https:\/\/goodnewsfromromania.ro\/wp-content\/uploads\/2023\/04\/caprioara-alba-romsilva-3-1024x768.jpg 1024w, https:\/\/goodnewsfromromania.ro\/wp-content\/uploads\/2023\/04\/caprioara-alba-romsilva-3-300x225.jpg 300w, https:\/\/goodnewsfromromania.ro\/wp-content\/uploads\/2023\/04\/caprioara-alba-romsilva-3-768x576.jpg 768w, https:\/\/goodnewsfromromania.ro\/wp-content\/uploads\/2023\/04\/caprioara-alba-romsilva-3-1536x1152.jpg 1536w, https:\/\/goodnewsfromromania.ro\/wp-content\/uploads\/2023\/04\/caprioara-alba-romsilva-3-750x563.jpg 750w, https:\/\/goodnewsfromromania.ro\/wp-content\/uploads\/2023\/04\/caprioara-alba-romsilva-3-1140x855.jpg 1140w, https:\/\/goodnewsfromromania.ro\/wp-content\/uploads\/2023\/04\/caprioara-alba-romsilva-3.jpg 2048w\" sizes=\"auto, (max-width: 1024px) 100vw, 1024px\" \/><figcaption class=\"wp-element-caption\">www.iBO.eu<\/figcaption><\/figure>\n\n\n\n<figure class=\"wp-block-image size-large\"><img loading=\"lazy\" decoding=\"async\" width=\"1024\" height=\"768\" data-id=\"653\" src=\"https:\/\/goodnewsfromromania.ro\/wp-content\/uploads\/2023\/04\/caprioara-alba-1024x768.jpg\" alt=\"\" class=\"wp-image-653\" srcset=\"https:\/\/goodnewsfromromania.ro\/wp-content\/uploads\/2023\/04\/caprioara-alba-1024x768.jpg 1024w, https:\/\/goodnewsfromromania.ro\/wp-content\/uploads\/2023\/04\/caprioara-alba-300x225.jpg 300w, https:\/\/goodnewsfromromania.ro\/wp-content\/uploads\/2023\/04\/caprioara-alba-768x576.jpg 768w, https:\/\/goodnewsfromromania.ro\/wp-content\/uploads\/2023\/04\/caprioara-alba-1536x1152.jpg 1536w, https:\/\/goodnewsfromromania.ro\/wp-content\/uploads\/2023\/04\/caprioara-alba-750x563.jpg 750w, https:\/\/goodnewsfromromania.ro\/wp-content\/uploads\/2023\/04\/caprioara-alba-1140x855.jpg 1140w, https:\/\/goodnewsfromromania.ro\/wp-content\/uploads\/2023\/04\/caprioara-alba.jpg 2048w\" sizes=\"auto, (max-width: 1024px) 100vw, 1024px\" \/><figcaption class=\"wp-element-caption\">www.iBO.eu<\/figcaption><\/figure>\n<\/figure>\n\n\n\n<p><em>sursa foto: Romsilva <\/em><\/p>\n\n\n\n<p>\u00cen lumea animal\u0103, apari\u021bia exemplarelor albinoase este de regul\u0103, un indicator al densit\u0103\u021bii ridicate. Aceste tulbur\u0103ri genetice apar \u00een urma fenomenului numit consangvinizare, adic\u0103 fecundarea exemplarelor \u00eenrudite.<\/p>\n\n\n\n<p>Parcul Natural Bucegi este situat \u00een centrul \u021b\u0103rii are o suprafa\u021b\u0103 de peste 32.000 de hectare, din care aproape 21.500 de hectare sunt p\u0103duri.<\/p>\n\n\n\n<p><\/p>\n","protected":false},"excerpt":{"rendered":"<p>Camerele de monitorizare a faunei din Parcul Natural Bucegi au surprins o c\u0103prioar\u0103 complet alb\u0103, scriu cei de la Romsilva. Coloritul bl\u0103nii este dat de albinism, o tulburare genetic\u0103, caracterizat\u0103 prin lipsa sau producerea unei cantit\u0103\u021bi foarte mici de melanin\u0103, pigmentul responsabil cu colorarea pielii, a ochilor \u0219i a p\u0103rului. Din cauza albinismului multe animale [&hellip;]<\/p>\n","protected":false},"author":1,"featured_media":656,"comment_status":"open","ping_status":"open","sticky":false,"template":"","format":"standard","meta":{"footnotes":""},"categories":[1,9],"tags":[166,18,75,167,17,42],"class_list":["post-647","post","type-post","status-publish","format-standard","has-post-thumbnail","hentry","category-fara-categorie","category-mediu","tag-caprioara-alba","tag-good-news-from-romania","tag-ministerul-mediului","tag-parcul-natural-bucegi","tag-romania","tag-romsilva"],"post_mailing_queue_ids":[],"_links":{"self":[{"href":"https:\/\/goodnewsfromromania.ro\/index.php\/wp-json\/wp\/v2\/posts\/647","targetHints":{"allow":["GET"]}}],"collection":[{"href":"https:\/\/goodnewsfromromania.ro\/index.php\/wp-json\/wp\/v2\/posts"}],"about":[{"href":"https:\/\/goodnewsfromromania.ro\/index.php\/wp-json\/wp\/v2\/types\/post"}],"author":[{"embeddable":true,"href":"https:\/\/goodnewsfromromania.ro\/index.php\/wp-json\/wp\/v2\/users\/1"}],"replies":[{"embeddable":true,"href":"https:\/\/goodnewsfromromania.ro\/index.php\/wp-json\/wp\/v2\/comments?post=647"}],"version-history":[{"count":1,"href":"https:\/\/goodnewsfromromania.ro\/index.php\/wp-json\/wp\/v2\/posts\/647\/revisions"}],"predecessor-version":[{"id":655,"href":"https:\/\/goodnewsfromromania.ro\/index.php\/wp-json\/wp\/v2\/posts\/647\/revisions\/655"}],"wp:featuredmedia":[{"embeddable":true,"href":"https:\/\/goodnewsfromromania.ro\/index.php\/wp-json\/wp\/v2\/media\/656"}],"wp:attachment":[{"href":"https:\/\/goodnewsfromromania.ro\/index.php\/wp-json\/wp\/v2\/media?parent=647"}],"wp:term":[{"taxonomy":"category","embeddable":true,"href":"https:\/\/goodnewsfromromania.ro\/index.php\/wp-json\/wp\/v2\/categories?post=647"},{"taxonomy":"post_tag","embeddable":true,"href":"https:\/\/goodnewsfromromania.ro\/index.php\/wp-json\/wp\/v2\/tags?post=647"}],"curies":[{"name":"wp","href":"https:\/\/api.w.org\/{rel}","templated":true}]}}