{"id":606,"date":"2023-04-10T11:29:17","date_gmt":"2023-04-10T11:29:17","guid":{"rendered":"https:\/\/goodnewsfromromania.ro\/?p=606"},"modified":"2023-04-10T11:45:42","modified_gmt":"2023-04-10T11:45:42","slug":"picasso-la-bucuresti-pentru-prima-data-vor-fi-expuse-46-de-lucrari-ale-celui-mai-prolific-pictor-din-istorie","status":"publish","type":"post","link":"https:\/\/goodnewsfromromania.ro\/index.php\/2023\/04\/10\/picasso-la-bucuresti-pentru-prima-data-vor-fi-expuse-46-de-lucrari-ale-celui-mai-prolific-pictor-din-istorie\/","title":{"rendered":"Picasso la Bucure\u0219ti, pentru prima dat\u0103. Vor fi expuse 46 de lucr\u0103ri ale celui &#8222;mai prolific pictor din istorie\u201d"},"content":{"rendered":"\n<p>MARe\/Muzeul de Art\u0103 Recent\u0103 Bucure\u015fti, \u00een colaborare cu Muzeul Picasso din Paris, va prezenta expozi\u0163ia \u201eEfectul Picasso\u201d \u00een perioada&nbsp;25 septembrie 2023 \u2013 8 ianuarie 2024, evenimentul fiind sus\u0163inut de Ministerul Culturii, de Institutul Francez \u015fi Ambasada Fran\u0163ei din Rom\u00e2nia.<\/p>\n\n\n\n<p>Vor fi expuse pentru prima dat\u0103 \u00een Rom\u00e2nia 46 de lucr\u0103ri de Pablo Picasso, printre care o serie de tablouri faimoase, unele de mari dimensiuni, care, al\u0103turi de desenele \u015fi lucr\u0103rile sale de grafic\u0103, au marcat evolu\u0163ia artei mondiale pe parcursul mai multor decenii.<\/p>\n\n\n\n<p><em><strong>\u201eEfectul Picasso este o expozi\u021bie deschiz\u0103toare de drumuri.&nbsp;Nu doar va relua leg\u0103tura la nivel \u00eenalt dup\u0103 cei 55 de ani de la ex-pozi\u021bia Picasso din 1968, ci va constitui un model de \u0219i o resurs\u0103 pentru viitoarele genera\u021bii de arti\u0219ti \u0219i pentru publicul acestora, pentru societate \u0219i cultur\u0103 local\u0103 \u0219i regional\u0103.&nbsp;Efectul Picasso la MARe\/Muzeul de Art\u0103 Recent\u0103 Bucure\u0219ti va fi evenimentul cultural major al deceniului.&nbsp;Conceput\u0103 \u00eempreun\u0103 cu Muzeul Picasso din Paris, sus\u021binut\u0103 \u0219i sponsorizat\u0103 de institu\u021bii de corpora\u021bii locale, ex-pozi\u021bia \u0219i activit\u0103\u021bile conexe vor marca un nou nivel de angajare social\u0103 \u00een dezvoltarea unui public modern \u0219i a unei societ\u0103\u021bi inovatoare, cu un \u00eenalt standard al calit\u0103\u021bii vie\u021bii \u0219i cu competen\u021be \u0219i aspira\u021bii culturale superioare. Expozi\u021bia Efectul Picasso va ocupa MAR \u00een \u00eentregime<\/strong><\/em>&#8222;, a declarat Erwin Kessler, directorul Muzeului de Art\u0103 Recent\u0103 Bucure\u0219ti \u0219i Co-curator expozi\u021bie, conform MARe.<\/p>\n\n\n\n<p>Lucr\u0103rile provin \u00een totalitate de la Muzeul Picasso din Paris, acestora urm\u00e2nd a li se ad\u0103uga 50 de lucr\u0103ri de arti\u015fti rom\u00e2ni moderni \u015fi contemporani care atest\u0103 influen\u0163a constant\u0103 a operei \u015fi figurii lui Picasso \u00een cea de-a doua jum\u0103tate a secolului XX \u015fi la \u00eenceputul secolului XXI. Printre ace\u015ftia se num\u0103r\u0103 Alexandru Tzupoia, Corneliu Baba, Constantin Piliu\u0163\u0103, Florin Mitroi, Horia Bernea, Sorin Ilfoveanu, Henri Mavrodin, Ion Grigorescu, Octav Grigorescu, Valeriu Mladin, Dumitru Gorzo, Victor Man, Alexandru R\u0103dvan, Mircea Suciu, Marius Bercea \u015fi \u015eerban Savu.<\/p>\n\n\n\n<p><em><strong>\u201eExpozi\u021bia de la MARe va da prilejul relief\u0103rii influen\u021bei lui Picasso asupra artei rom\u00e2ne\u0219ti, prin punerea fa\u021b\u0103 \u00een fa\u021b\u0103 a lucr\u0103rilor lui Picasso de la muzeul nostru \u0219i a celor semnate de arti\u0219ti rom\u00e2ni. selecta\u0163i.&nbsp;Ea va da posibilitatea de a vedea tehnic al operei lui Picasso, gra\u021bii lucr\u0103rilor patrimoniului Muzeului Picasso\u201d<\/strong><\/em>, spune Cecile Debray, pre\u0219edintele Muzeului Picasso din Paris.<\/p>\n\n\n\n<p>Expozi\u0163ia \u201eEfectul Picasso \u2013 Contribu\u0163ia Rom\u00e2niei la anul aniversar Pablo Picasso, 2023\u201d este un proiect care va constitui unul dintre marile evenimente ale acestui an, a declara ambasadoarea Fran\u0163ei la Bucure\u015fti, Laurence Auer, citat\u0103 de Agerpres.<\/p>\n\n\n\n<p>Picasso detine recordul mondial pentru \u201eCel mai prolific pictor din istorie\u201d. Pablo Ruiz y Picasso, cunoscut ca Pablo Picasso a fost un artist plastic spaniol. Picasso nu s-a putut mul\u021bumi \u00een via\u021b\u0103 cu un singur rol. Va juca mai multe, reale \u0219i imaginare, dar pe toate cu aceea\u0219i pasiune. A fost andaluz \u0219i catalan, spaniol \u0219i francez.&nbsp;<\/p>\n","protected":false},"excerpt":{"rendered":"<p>MARe\/Muzeul de Art\u0103 Recent\u0103 Bucure\u015fti, \u00een colaborare cu Muzeul Picasso din Paris, va prezenta expozi\u0163ia \u201eEfectul Picasso\u201d \u00een perioada&nbsp;25 septembrie 2023 \u2013 8 ianuarie 2024, evenimentul fiind sus\u0163inut de Ministerul Culturii, de Institutul Francez \u015fi Ambasada Fran\u0163ei din Rom\u00e2nia. Vor fi expuse pentru prima dat\u0103 \u00een Rom\u00e2nia 46 de lucr\u0103ri de Pablo Picasso, printre care [&hellip;]<\/p>\n","protected":false},"author":1,"featured_media":607,"comment_status":"open","ping_status":"open","sticky":false,"template":"","format":"standard","meta":{"footnotes":""},"categories":[6,11],"tags":[18,149,151,150],"class_list":["post-606","post","type-post","status-publish","format-standard","has-post-thumbnail","hentry","category-educatie","category-international","tag-good-news-from-romania","tag-mare","tag-muzeul-picasso","tag-picasso"],"post_mailing_queue_ids":[],"_links":{"self":[{"href":"https:\/\/goodnewsfromromania.ro\/index.php\/wp-json\/wp\/v2\/posts\/606","targetHints":{"allow":["GET"]}}],"collection":[{"href":"https:\/\/goodnewsfromromania.ro\/index.php\/wp-json\/wp\/v2\/posts"}],"about":[{"href":"https:\/\/goodnewsfromromania.ro\/index.php\/wp-json\/wp\/v2\/types\/post"}],"author":[{"embeddable":true,"href":"https:\/\/goodnewsfromromania.ro\/index.php\/wp-json\/wp\/v2\/users\/1"}],"replies":[{"embeddable":true,"href":"https:\/\/goodnewsfromromania.ro\/index.php\/wp-json\/wp\/v2\/comments?post=606"}],"version-history":[{"count":3,"href":"https:\/\/goodnewsfromromania.ro\/index.php\/wp-json\/wp\/v2\/posts\/606\/revisions"}],"predecessor-version":[{"id":610,"href":"https:\/\/goodnewsfromromania.ro\/index.php\/wp-json\/wp\/v2\/posts\/606\/revisions\/610"}],"wp:featuredmedia":[{"embeddable":true,"href":"https:\/\/goodnewsfromromania.ro\/index.php\/wp-json\/wp\/v2\/media\/607"}],"wp:attachment":[{"href":"https:\/\/goodnewsfromromania.ro\/index.php\/wp-json\/wp\/v2\/media?parent=606"}],"wp:term":[{"taxonomy":"category","embeddable":true,"href":"https:\/\/goodnewsfromromania.ro\/index.php\/wp-json\/wp\/v2\/categories?post=606"},{"taxonomy":"post_tag","embeddable":true,"href":"https:\/\/goodnewsfromromania.ro\/index.php\/wp-json\/wp\/v2\/tags?post=606"}],"curies":[{"name":"wp","href":"https:\/\/api.w.org\/{rel}","templated":true}]}}