{"id":557,"date":"2023-04-07T12:07:39","date_gmt":"2023-04-07T12:07:39","guid":{"rendered":"https:\/\/goodnewsfromromania.ro\/?p=557"},"modified":"2023-04-07T12:10:01","modified_gmt":"2023-04-07T12:10:01","slug":"romania-locul-2-la-concursul-european-de-silvicultura","status":"publish","type":"post","link":"https:\/\/goodnewsfromromania.ro\/index.php\/2023\/04\/07\/romania-locul-2-la-concursul-european-de-silvicultura\/","title":{"rendered":"Rom\u00e2nia, locul 2 la concursul european de silvicultur\u0103"},"content":{"rendered":"\n<p>Rom\u00e2nia a ob\u021binut locul 2 la concursul european de silvicultur\u0103 Forest Versatility 2023 desf\u0103\u0219urat \u00een Brno (Cehia), anun\u021b\u0103 Facultatea de Silvicultur\u0103 \u0219i Exploat\u0103ri Forestiere din Bra\u0219ov.<\/p>\n\n\n\n<p>Echipa Rom\u00e2niei de anul acesta a fost format\u0103 din: B\u00eendil\u0103 Tudor-Marcel, anul 4, specializarea Silvicultur\u0103, Bl\u0103jan Ana-Maria, anul 3, specializarea Silvicultur\u0103, Burghelea Rare\u015f-Andrei, anul 3, specializarea Cinegetic\u0103, \u015etef\u0103nescu Vl\u0103du\u021b , anul 3, specializarea Cinegetic\u0103.<\/p>\n\n\n\n<figure class=\"wp-block-image size-large is-resized\"><img loading=\"lazy\" decoding=\"async\" src=\"https:\/\/goodnewsfromromania.ro\/wp-content\/uploads\/2023\/04\/concurs-european-de-silvicultura-romania-locul-2-good-news-from-romania-1024x768.jpg\" alt=\"\" class=\"wp-image-558\" width=\"841\" height=\"631\" srcset=\"https:\/\/goodnewsfromromania.ro\/wp-content\/uploads\/2023\/04\/concurs-european-de-silvicultura-romania-locul-2-good-news-from-romania-1024x768.jpg 1024w, https:\/\/goodnewsfromromania.ro\/wp-content\/uploads\/2023\/04\/concurs-european-de-silvicultura-romania-locul-2-good-news-from-romania-300x225.jpg 300w, https:\/\/goodnewsfromromania.ro\/wp-content\/uploads\/2023\/04\/concurs-european-de-silvicultura-romania-locul-2-good-news-from-romania-768x576.jpg 768w, https:\/\/goodnewsfromromania.ro\/wp-content\/uploads\/2023\/04\/concurs-european-de-silvicultura-romania-locul-2-good-news-from-romania-1536x1152.jpg 1536w, https:\/\/goodnewsfromromania.ro\/wp-content\/uploads\/2023\/04\/concurs-european-de-silvicultura-romania-locul-2-good-news-from-romania-750x563.jpg 750w, https:\/\/goodnewsfromromania.ro\/wp-content\/uploads\/2023\/04\/concurs-european-de-silvicultura-romania-locul-2-good-news-from-romania-1140x855.jpg 1140w, https:\/\/goodnewsfromromania.ro\/wp-content\/uploads\/2023\/04\/concurs-european-de-silvicultura-romania-locul-2-good-news-from-romania.jpg 2048w\" sizes=\"auto, (max-width: 841px) 100vw, 841px\" \/><\/figure>\n\n\n\n<p><em>Concuren\u021bii rom\u00e2ni, dup\u0103 decernarea premiilor<\/em><\/p>\n\n\n\n<p>Studen\u021bii rom\u00e2ni s-au clasat pe locul 2 la concursul de probe practice \u0219i teoretice Forest Versatility 2023. Pe podium au mai urcat concuren\u021bii din Slovacia (locul I) \u0219i Cehia (locul 3). La concurs au participat echipe din 11 \u021b\u0103ri europene care au reprezentat facult\u0103\u021bi cu tradi\u021bie \u00een \u00eenv\u0103\u021b\u0103m\u00e2ntul silvic superior.<\/p>\n\n\n\n<p>Facultatea&nbsp;de&nbsp;Silvicultur\u0103&nbsp;\u0219i&nbsp;exploat\u0103ri&nbsp;forestiere este una dintre facult\u0103\u021bile fanion ale universit\u0103\u021bii, pentru multe decenii unica facultate care preg\u0103tea \u00een Rom\u00e2nia speciali\u0219ti \u00een domeniul silvic. Facultatea este \u0219i ast\u0103zi lider na\u021bional \u00een domeniu, cu o ofert\u0103 divers\u0103 de programe de licen\u021b\u0103 \u0219i masterat.<\/p>\n\n\n\n<p>Surs\u0103 foto: Facebook<\/p>\n","protected":false},"excerpt":{"rendered":"<p>Rom\u00e2nia a ob\u021binut locul 2 la concursul european de silvicultur\u0103 Forest Versatility 2023 desf\u0103\u0219urat \u00een Brno (Cehia), anun\u021b\u0103 Facultatea de Silvicultur\u0103 \u0219i Exploat\u0103ri Forestiere din Bra\u0219ov. Echipa Rom\u00e2niei de anul acesta a fost format\u0103 din: B\u00eendil\u0103 Tudor-Marcel, anul 4, specializarea Silvicultur\u0103, Bl\u0103jan Ana-Maria, anul 3, specializarea Silvicultur\u0103, Burghelea Rare\u015f-Andrei, anul 3, specializarea Cinegetic\u0103, \u015etef\u0103nescu Vl\u0103du\u021b [&hellip;]<\/p>\n","protected":false},"author":1,"featured_media":562,"comment_status":"open","ping_status":"open","sticky":false,"template":"","format":"standard","meta":{"footnotes":""},"categories":[9],"tags":[129,130,18,75,17,128],"class_list":["post-557","post","type-post","status-publish","format-standard","has-post-thumbnail","hentry","category-mediu","tag-concurs-european-de-silvicultura","tag-facultatea-de-silvicultura-din-brasov","tag-good-news-from-romania","tag-ministerul-mediului","tag-romania","tag-silvicultura"],"post_mailing_queue_ids":[],"_links":{"self":[{"href":"https:\/\/goodnewsfromromania.ro\/index.php\/wp-json\/wp\/v2\/posts\/557","targetHints":{"allow":["GET"]}}],"collection":[{"href":"https:\/\/goodnewsfromromania.ro\/index.php\/wp-json\/wp\/v2\/posts"}],"about":[{"href":"https:\/\/goodnewsfromromania.ro\/index.php\/wp-json\/wp\/v2\/types\/post"}],"author":[{"embeddable":true,"href":"https:\/\/goodnewsfromromania.ro\/index.php\/wp-json\/wp\/v2\/users\/1"}],"replies":[{"embeddable":true,"href":"https:\/\/goodnewsfromromania.ro\/index.php\/wp-json\/wp\/v2\/comments?post=557"}],"version-history":[{"count":2,"href":"https:\/\/goodnewsfromromania.ro\/index.php\/wp-json\/wp\/v2\/posts\/557\/revisions"}],"predecessor-version":[{"id":563,"href":"https:\/\/goodnewsfromromania.ro\/index.php\/wp-json\/wp\/v2\/posts\/557\/revisions\/563"}],"wp:featuredmedia":[{"embeddable":true,"href":"https:\/\/goodnewsfromromania.ro\/index.php\/wp-json\/wp\/v2\/media\/562"}],"wp:attachment":[{"href":"https:\/\/goodnewsfromromania.ro\/index.php\/wp-json\/wp\/v2\/media?parent=557"}],"wp:term":[{"taxonomy":"category","embeddable":true,"href":"https:\/\/goodnewsfromromania.ro\/index.php\/wp-json\/wp\/v2\/categories?post=557"},{"taxonomy":"post_tag","embeddable":true,"href":"https:\/\/goodnewsfromromania.ro\/index.php\/wp-json\/wp\/v2\/tags?post=557"}],"curies":[{"name":"wp","href":"https:\/\/api.w.org\/{rel}","templated":true}]}}