{"id":441,"date":"2023-03-29T07:54:44","date_gmt":"2023-03-29T07:54:44","guid":{"rendered":"https:\/\/goodnewsfromromania.ro\/?p=441"},"modified":"2023-03-29T07:55:46","modified_gmt":"2023-03-29T07:55:46","slug":"de-la-1-aprilie-se-redeschide-una-dintre-cele-mai-frumoase-pesteri-din-romania","status":"publish","type":"post","link":"https:\/\/goodnewsfromromania.ro\/index.php\/2023\/03\/29\/de-la-1-aprilie-se-redeschide-una-dintre-cele-mai-frumoase-pesteri-din-romania\/","title":{"rendered":"De la 1 aprilie se redeschide una dintre cele mai frumoase pe\u0219teri din Rom\u00e2nia"},"content":{"rendered":"\n<p>Pe\u0219tera Comarnic, una dintre cele mai frumoase \u0219i s\u0103lbatice pe\u0219teri din Rom\u00e2nia, se redeschide de la 1 aprilie pentru turi\u0219ti. Ea se afl\u0103 pe raza Parcului Na\u021bional Semenic Cheile Cara\u0219ului.<\/p>\n\n\n\n<p>Este a doua ca m\u0103rime din Banat av\u00e2nd o lungime total\u0103 de 6201 m \u0219i este structurat\u0103 pe 3 nivele: fosil, subfosil \u0219i activ. Nivelul inferior al Pe\u0219terii Comarnic este str\u0103b\u0103tut de cursul subteran al r\u00e2ului Ponicova.<\/p>\n\n\n\n<p>Speciali\u0219tii le atrag aten\u021bia turi\u0219tilor c\u0103 vizitarea pe\u0219terii necesit\u0103 \u00eenc\u0103l\u021b\u0103minte adecvat\u0103.<\/p>\n\n\n\n<figure class=\"wp-block-image size-full\"><img loading=\"lazy\" decoding=\"async\" width=\"960\" height=\"548\" src=\"https:\/\/goodnewsfromromania.ro\/wp-content\/uploads\/2023\/03\/pestera-comarnic-se-redeschide-aprilie.jpg\" alt=\"\" class=\"wp-image-442\" srcset=\"https:\/\/goodnewsfromromania.ro\/wp-content\/uploads\/2023\/03\/pestera-comarnic-se-redeschide-aprilie.jpg 960w, https:\/\/goodnewsfromromania.ro\/wp-content\/uploads\/2023\/03\/pestera-comarnic-se-redeschide-aprilie-300x171.jpg 300w, https:\/\/goodnewsfromromania.ro\/wp-content\/uploads\/2023\/03\/pestera-comarnic-se-redeschide-aprilie-768x438.jpg 768w, https:\/\/goodnewsfromromania.ro\/wp-content\/uploads\/2023\/03\/pestera-comarnic-se-redeschide-aprilie-750x428.jpg 750w\" sizes=\"auto, (max-width: 960px) 100vw, 960px\" \/><figcaption class=\"wp-element-caption\">Pe\u0219tera Comarnic, surs\u0103 foto: PNSCC<\/figcaption><\/figure>\n\n\n\n<p>Programul de vizitare este de luni p\u00e2n\u0103 duminic\u0103 \u00eentre orele 10.30 \u2013 12.30, 13.00 \u0219i 15.00 \u0219i de la 15.30 la 17.30, iar intrarea cost\u0103 20 lei pentru adul\u021bi \u0219i 10 lei pentru copii, elevi \u0219i studen\u021bi. La cerere se asigur\u0103 \u0219i ghid.<\/p>\n\n\n\n<p>Perioada de vizitare a pe\u0219terii este aprilie \u2013 octombrie.<\/p>\n\n\n\n<h2 class=\"wp-block-heading\">Poate nu \u0219tiai:<\/h2>\n\n\n\n<p>Pe\u0219tera Comarnic este rezerva\u021bie speologic\u0103 din 1947 \u0219i este situat\u0103 \u00een inima Mun\u021bilor Banatului, la jum\u0103tatea distan\u021bei dintre Re\u0219i\u021ba \u015fi Anina, \u00een apropierea confluen\u021bei p\u00e2r\u00e2ului Comarnic cu r\u00e2ul Cara\u015f.<\/p>\n\n\n\n<p>Parcul Na\u021bional Semenic- Cheile Cara\u0219ului este situat \u00een sud-vestul \u021b\u0103rii. Are o suprafa\u021b\u0103 de 36.052 hectare. Aici g\u0103sim opt rezerva\u021bii naturale, \u00een zone de conservare special\u0103, strict protejate, \u0219i numeroase obiective \u0219i trasee turistice.<\/p>\n\n\n\n<p>G\u0103sim totodat\u0103 672 de specii, din care 80 protejate de conven\u021bii interna\u021bionale, \u00eentre care lupi \u0219i r\u00e2\u0219i, jderi, pisici s\u0103lbatice, mistre\u021bi, cerbi \u0219i c\u0103prioare, precum \u0219i numeroase specii de p\u0103s\u0103ri, amfibieni, pe\u0219ti \u0219i reptile.<\/p>\n\n\n\n<p>Mai multe informa\u021bii g\u0103si\u021bi \u0219i <a href=\"https:\/\/pnscc.ro\/ro\/pestera-comarnic\/\">aici<\/a>.<\/p>\n","protected":false},"excerpt":{"rendered":"<p>Pe\u0219tera Comarnic, una dintre cele mai frumoase \u0219i s\u0103lbatice pe\u0219teri din Rom\u00e2nia, se redeschide de la 1 aprilie pentru turi\u0219ti. Ea se afl\u0103 pe raza Parcului Na\u021bional Semenic Cheile Cara\u0219ului. Este a doua ca m\u0103rime din Banat av\u00e2nd o lungime total\u0103 de 6201 m \u0219i este structurat\u0103 pe 3 nivele: fosil, subfosil \u0219i activ. Nivelul [&hellip;]<\/p>\n","protected":false},"author":1,"featured_media":443,"comment_status":"open","ping_status":"open","sticky":false,"template":"","format":"standard","meta":{"footnotes":""},"categories":[9],"tags":[18,53,52,54,17],"class_list":["post-441","post","type-post","status-publish","format-standard","has-post-thumbnail","hentry","category-mediu","tag-good-news-from-romania","tag-parcul-national-semenic-cheile-carasului","tag-pestera-comarnic","tag-pnscc","tag-romania"],"post_mailing_queue_ids":[],"_links":{"self":[{"href":"https:\/\/goodnewsfromromania.ro\/index.php\/wp-json\/wp\/v2\/posts\/441","targetHints":{"allow":["GET"]}}],"collection":[{"href":"https:\/\/goodnewsfromromania.ro\/index.php\/wp-json\/wp\/v2\/posts"}],"about":[{"href":"https:\/\/goodnewsfromromania.ro\/index.php\/wp-json\/wp\/v2\/types\/post"}],"author":[{"embeddable":true,"href":"https:\/\/goodnewsfromromania.ro\/index.php\/wp-json\/wp\/v2\/users\/1"}],"replies":[{"embeddable":true,"href":"https:\/\/goodnewsfromromania.ro\/index.php\/wp-json\/wp\/v2\/comments?post=441"}],"version-history":[{"count":2,"href":"https:\/\/goodnewsfromromania.ro\/index.php\/wp-json\/wp\/v2\/posts\/441\/revisions"}],"predecessor-version":[{"id":445,"href":"https:\/\/goodnewsfromromania.ro\/index.php\/wp-json\/wp\/v2\/posts\/441\/revisions\/445"}],"wp:featuredmedia":[{"embeddable":true,"href":"https:\/\/goodnewsfromromania.ro\/index.php\/wp-json\/wp\/v2\/media\/443"}],"wp:attachment":[{"href":"https:\/\/goodnewsfromromania.ro\/index.php\/wp-json\/wp\/v2\/media?parent=441"}],"wp:term":[{"taxonomy":"category","embeddable":true,"href":"https:\/\/goodnewsfromromania.ro\/index.php\/wp-json\/wp\/v2\/categories?post=441"},{"taxonomy":"post_tag","embeddable":true,"href":"https:\/\/goodnewsfromromania.ro\/index.php\/wp-json\/wp\/v2\/tags?post=441"}],"curies":[{"name":"wp","href":"https:\/\/api.w.org\/{rel}","templated":true}]}}