{"id":425,"date":"2023-03-25T13:02:52","date_gmt":"2023-03-25T13:02:52","guid":{"rendered":"https:\/\/goodnewsfromromania.ro\/?p=425"},"modified":"2023-03-25T13:02:54","modified_gmt":"2023-03-25T13:02:54","slug":"romania-va-putea-atrage-mai-usor-turisti-straini-care-cauta-tratamente-balneare","status":"publish","type":"post","link":"https:\/\/goodnewsfromromania.ro\/index.php\/2023\/03\/25\/romania-va-putea-atrage-mai-usor-turisti-straini-care-cauta-tratamente-balneare\/","title":{"rendered":"Rom\u00e2nia va putea atrage mai u\u0219or turi\u0219ti str\u0103ini care caut\u0103 tratamente balneare"},"content":{"rendered":"\n<p>Rom\u00e2nia va avea un standard voluntar de calitate pentru complexele balneare, termenul pentru finalizarea proiectului este 31 septembrie 2023.<\/p>\n\n\n\n<p>Acest lucru le va permite operatorilor economici de profil s\u0103 atrag\u0103 mult mai u\u0219or turi\u0219tii str\u0103ini interesa\u021bi de serviciile de s\u0103n\u0103tate, se arat\u0103 \u00eentr-un comunicat dat de Ministerul Antreprenoriatului \u0219i Turismului. &nbsp;<\/p>\n\n\n\n<blockquote class=\"wp-block-quote is-layout-flow wp-block-quote-is-layout-flow\">\n<p>Ini\u021biativa \u00ee\u0219i propune s\u0103 faciliteze, totodat\u0103, decontarea procedurilor medicale de c\u0103tre institu\u021biile competente \u00een asigur\u0103ri de s\u0103n\u0103tate din statele membre ale Uniunii Europene pentru persoanele asigurate.<\/p>\n<cite>\u201ePentru atragerea turi\u0219tilor str\u0103ini \u0219i pentru diminuarea deficitului balan\u021bei comerciale din turism trebuie s\u0103 facem un pas inclusiv spre recunoa\u0219terea serviciilor pe care Rom\u00e2nia le ofer\u0103 la nivel european. Astfel, standardul voluntar va corela criteriile de acreditare a unit\u0103\u021bilor balneare cu cele de clasificare a structurilor de primire turistic\u0103 din Rom\u00e2nia \u0219i va \u021bine cont de calitatea serviciilor de s\u0103n\u0103tate \u00een acest domeniu, precum \u0219i de siguran\u021ba celor care le trec pragul. \u00cen prezent, documentul se afl\u0103 \u00een curs de elaborare, \u00een cadrul grupului de lucru public-privat, \u00eenfiin\u021bat \u00een acest scop la ini\u021biativa ministerului nostru\u201d, a declarat ministrul antreprenoriatului \u0219i turismului, Constantin-Daniel Cadariu.<\/cite><\/blockquote>\n\n\n\n<blockquote class=\"wp-block-quote is-layout-flow wp-block-quote-is-layout-flow\">\n<p>Grupul de lucru reune\u0219te reprezentan\u021bi ai Ministerului Antreprenoriatului \u0219i Turismului (MAT), Ministerului S\u0103n\u0103t\u0103\u021bii, prin Institutul Na\u021bional de Recuperare, Medicin\u0103 Fizic\u0103 \u0219i Balneoclimatologie, ai Autorit\u0103\u021bii Na\u021bionale de Management al Calit\u0103\u021bii \u00een S\u0103n\u0103tate, Institutului Na\u021bional de Cercetare-Dezvoltare \u00een Turism, ai Casei Na\u021bionale de Asigur\u0103ri de S\u0103n\u0103tate, precum \u0219i ai Organiza\u021biei Patronale de Turism Balnear din Rom\u00e2nia \u0219i Asocia\u021biei Rom\u00e2ne de Balneologie.<\/p>\n\n\n\n<p>Un prim punct de plecare \u00een cadrul discu\u021biilor este documentul realizat la nivelul MAT, care integreaz\u0103 lista unit\u0103\u021bilor balneare cu aviz de func\u021bionare acordat de Ministerul S\u0103n\u0103t\u0103\u021bii, prin Institutul Na\u021bional de Recuperare, Medicin\u0103 Fizic\u0103 \u0219i Balneoclimatologie, structurile autorizate de cazare, precum \u0219i resursele naturale din sta\u021biuni \u0219i procedurile de tratament oferite. \u00cen sprijinul demersului a venit \u0219i Punctul Na\u021bional de Contact, \u00eenfiin\u021bat \u00een cadrul Casei Na\u021bionale de Asigur\u0103ri de S\u0103n\u0103tate, care a ini\u021biat coresponden\u021ba cu omologii din \u0219apte pie\u021be \u021bint\u0103, respectiv Ungaria, Cehia, Polonia, Belgia, Germania, Italia \u0219i Fran\u021ba, \u00een scopul colect\u0103rii informa\u021biilor referitoare la procedurile cuprinse \u00een pachetele de tratament standard, care pot fi decontate prin institu\u021biile competente \u00een asigur\u0103ri de s\u0103n\u0103tate din statele membre ale Uniunii Europene pentru persoanele asigurate.<\/p>\n\n\n\n<p>Termenul agreat \u00een cadrul grupului de lucru pentru definitivarea standardului voluntar este sf\u00e2r\u0219itul trimestrului III al acestui an.\u00a0<\/p>\n<cite>\u201eDup\u0103 definitivarea \u0219i aprobarea standardului voluntar, ne dorim s\u0103 ini\u021biem procedurile pentru ob\u021binerea recunoa\u0219terii interna\u021bionale a acestuia, mai exact din partea Societ\u0103\u021bii Interna\u021bionale de Calitate \u00een S\u0103n\u0103tate, astfel \u00eenc\u00e2t complexele balneare care vor \u00eendeplini criteriile minime necesare s\u0103 poat\u0103 oferi o garan\u021bie suplimentar\u0103 \u00een ceea ce prive\u0219te siguran\u021ba \u0219i calitatea serviciilor oferite.\u201d, a completat ministrul Constantin-Daniel Cadariu.<\/cite><\/blockquote>\n","protected":false},"excerpt":{"rendered":"<p>Rom\u00e2nia va avea un standard voluntar de calitate pentru complexele balneare, termenul pentru finalizarea proiectului este 31 septembrie 2023.<\/p>\n","protected":false},"author":1,"featured_media":426,"comment_status":"open","ping_status":"open","sticky":false,"template":"","format":"standard","meta":{"footnotes":""},"categories":[11,3],"tags":[18,31,17,40,41],"class_list":["post-425","post","type-post","status-publish","format-standard","has-post-thumbnail","hentry","category-international","category-stiri","tag-good-news-from-romania","tag-ministerul-antreprenoriatului-si-turismului","tag-romania","tag-tratamente-balneare","tag-uniunea-europeana"],"post_mailing_queue_ids":[],"_links":{"self":[{"href":"https:\/\/goodnewsfromromania.ro\/index.php\/wp-json\/wp\/v2\/posts\/425","targetHints":{"allow":["GET"]}}],"collection":[{"href":"https:\/\/goodnewsfromromania.ro\/index.php\/wp-json\/wp\/v2\/posts"}],"about":[{"href":"https:\/\/goodnewsfromromania.ro\/index.php\/wp-json\/wp\/v2\/types\/post"}],"author":[{"embeddable":true,"href":"https:\/\/goodnewsfromromania.ro\/index.php\/wp-json\/wp\/v2\/users\/1"}],"replies":[{"embeddable":true,"href":"https:\/\/goodnewsfromromania.ro\/index.php\/wp-json\/wp\/v2\/comments?post=425"}],"version-history":[{"count":1,"href":"https:\/\/goodnewsfromromania.ro\/index.php\/wp-json\/wp\/v2\/posts\/425\/revisions"}],"predecessor-version":[{"id":427,"href":"https:\/\/goodnewsfromromania.ro\/index.php\/wp-json\/wp\/v2\/posts\/425\/revisions\/427"}],"wp:featuredmedia":[{"embeddable":true,"href":"https:\/\/goodnewsfromromania.ro\/index.php\/wp-json\/wp\/v2\/media\/426"}],"wp:attachment":[{"href":"https:\/\/goodnewsfromromania.ro\/index.php\/wp-json\/wp\/v2\/media?parent=425"}],"wp:term":[{"taxonomy":"category","embeddable":true,"href":"https:\/\/goodnewsfromromania.ro\/index.php\/wp-json\/wp\/v2\/categories?post=425"},{"taxonomy":"post_tag","embeddable":true,"href":"https:\/\/goodnewsfromromania.ro\/index.php\/wp-json\/wp\/v2\/tags?post=425"}],"curies":[{"name":"wp","href":"https:\/\/api.w.org\/{rel}","templated":true}]}}