{"id":421,"date":"2023-03-25T12:42:48","date_gmt":"2023-03-25T12:42:48","guid":{"rendered":"https:\/\/goodnewsfromromania.ro\/?p=421"},"modified":"2023-03-25T12:55:56","modified_gmt":"2023-03-25T12:55:56","slug":"palatul-cotroceni-si-guvernul-romaniei-marcheaza-ora-pamantului","status":"publish","type":"post","link":"https:\/\/goodnewsfromromania.ro\/index.php\/2023\/03\/25\/palatul-cotroceni-si-guvernul-romaniei-marcheaza-ora-pamantului\/","title":{"rendered":"Palatul Cotroceni \u0219i Guvernul Rom\u00e2niei marcheaz\u0103 Ora P\u0103m\u00e2ntului"},"content":{"rendered":"\n<p>Administra\u021bia Preziden\u021bial\u0103 marcheaz\u0103 \u0219i ea \u201eOra P\u0103m\u00e2ntului &#8211; Earth Hour\u201d 2023 pe data de 25 martie. Astfel, \u00een intervalul orar 20:30-21:30 se va \u00eentrerupe iluminatul interior \u0219i exterior al Palatului Cotroceni, scrie presidency.ro.<\/p>\n\n\n\n<p>A devenit deja o tradi\u021bie pentru Administra\u021bia Preziden\u021bial\u0103 s\u0103 marcheze \u00een ultima s\u00e2mb\u0103t\u0103 din luna martie Ora P\u0103m\u00e2ntului, c\u00e2nd cet\u0103\u021beni, institu\u021bii publice, organiza\u021bii neguvernamentale \u0219i companii din \u00eentreaga lume sting luminile timp de o or\u0103.<\/p>\n\n\n\n<p>Sprijinirea politicilor publice care asigur\u0103 un mediu curat, \u00een special cele care vizeaz\u0103 reducerea polu\u0103rii \u0219i limitarea schimb\u0103rilor climatice, reprezint\u0103 un angajament al Pre\u0219edintelui Rom\u00e2niei, Klaus Iohannis, mai noteaz\u0103 sursa men\u021bionat\u0103 anterior.<\/p>\n\n\n\n<h2 class=\"wp-block-heading\">Guvernul Rom\u00e2niei se al\u0103tur\u0103 campaniei Ora P\u0103m\u00e2ntului<\/h2>\n\n\n\n<blockquote class=\"wp-block-quote is-layout-flow wp-block-quote-is-layout-flow\">\n<p>Luminile vor fi stinse \u0219i la Palatul Victoria \u00een acela\u0219i interval orar. <\/p>\n<cite>&#8222;Rom\u00e2nia r\u0103m\u00e2ne ferm angajat\u0103 \u00een dezvoltarea proiectelor de investi\u021bii \u00een energie \u0219i infrastructur\u0103 energetic\u0103 adaptate provoc\u0103rilor majore ale momentului: tranzi\u021bia c\u0103tre energia verde \u0219i asigurarea independen\u021bei strategice fa\u021b\u0103 de resursele energetice ruse\u0219ti. \u00cen acest context, m\u0103surile pe care le-am luat \u0219i le avem \u00een vedere la nivelul Guvernului au ca reper planul european RePower EU pentru economisirea energiei, producerea de energie curat\u0103 \u0219i diversificarea resurselor de energie&#8221;, a declarat premierul Nicolae Ciuc\u0103.<\/cite><\/blockquote>\n\n\n\n<p>Premierul Rom\u00e2niei a reamintit c\u0103 dore\u0219te valorificarea poten\u021bialului pe care \u021bara noastr\u0103 \u00eel are \u00een domeniul energiei verde \u0219i c\u0103 exist\u0103 perspectiva deschiderii unei fabrici de panouri solare.<\/p>\n\n\n\n<p>&#8222;Vrem s\u0103 valorific\u0103m poten\u021bialul Rom\u00e2niei de a dezvolta capacit\u0103\u021bi noi pentru energie verde, oferind totodat\u0103 consumatorilor solu\u021bii energetice ieftine \u0219i prietenoase cu mediul \u0219i am f\u0103cut deja pa\u0219i concre\u021bi \u00een acest sens. Avem perspectiva deschiderii unei fabrici de panouri solare \u00een Rom\u00e2nia, valoarea total\u0103 a investi\u021biei fiind de un miliard de euro, de asemenea, implement\u0103m la Doice\u0219ti tehnologia inovatoare a reactoarelor modulare mici, un proiect \u00een premier\u0103 \u00een Europa, preg\u0103tim trecerea Termocentralei de la Mintia c\u0103tre noile tehnologii de producere a energiei, bazate pe hidrogen, \u00een acord cu taxonomia european\u0103. Sunt doar c\u00e2teva exemple, care vor ajuta Rom\u00e2nia asigure necesarul intern de energie electric\u0103, dar \u0219i s\u0103 exporte&#8221;, a mai spus premierul. Campania interna\u021bional\u0103 Ora P\u0103m\u00e2ntului se desf\u0103\u0219oar\u0103 anual \u00een ultima zi de s\u00e2mb\u0103t\u0103 a lunii martie.<\/p>\n\n\n\n<p>Surs\u0103 foto: Presidency.ro<br><\/p>\n","protected":false},"excerpt":{"rendered":"<p>Administra\u021bia Preziden\u021bial\u0103 marcheaz\u0103 \u0219i ea \u201eOra P\u0103m\u00e2ntului &#8211; Earth Hour\u201d 2023 pe data de 25 martie. Astfel, \u00een intervalul orar 20:30-21:30 se va \u00eentrerupe iluminatul interior \u0219i exterior al Palatului Cotroceni, scrie presidency.ro. A devenit deja o tradi\u021bie pentru Administra\u021bia Preziden\u021bial\u0103 s\u0103 marcheze \u00een ultima s\u00e2mb\u0103t\u0103 din luna martie Ora P\u0103m\u00e2ntului, c\u00e2nd cet\u0103\u021beni, institu\u021bii publice, [&hellip;]<\/p>\n","protected":false},"author":1,"featured_media":422,"comment_status":"open","ping_status":"open","sticky":false,"template":"","format":"standard","meta":{"footnotes":""},"categories":[9,3],"tags":[38,39,18,37,17],"class_list":["post-421","post","type-post","status-publish","format-standard","has-post-thumbnail","hentry","category-mediu","category-stiri","tag-administratia-prezidentiala","tag-earth-hour-2023","tag-good-news-from-romania","tag-ora-pamantului-2023","tag-romania"],"post_mailing_queue_ids":[],"_links":{"self":[{"href":"https:\/\/goodnewsfromromania.ro\/index.php\/wp-json\/wp\/v2\/posts\/421","targetHints":{"allow":["GET"]}}],"collection":[{"href":"https:\/\/goodnewsfromromania.ro\/index.php\/wp-json\/wp\/v2\/posts"}],"about":[{"href":"https:\/\/goodnewsfromromania.ro\/index.php\/wp-json\/wp\/v2\/types\/post"}],"author":[{"embeddable":true,"href":"https:\/\/goodnewsfromromania.ro\/index.php\/wp-json\/wp\/v2\/users\/1"}],"replies":[{"embeddable":true,"href":"https:\/\/goodnewsfromromania.ro\/index.php\/wp-json\/wp\/v2\/comments?post=421"}],"version-history":[{"count":2,"href":"https:\/\/goodnewsfromromania.ro\/index.php\/wp-json\/wp\/v2\/posts\/421\/revisions"}],"predecessor-version":[{"id":424,"href":"https:\/\/goodnewsfromromania.ro\/index.php\/wp-json\/wp\/v2\/posts\/421\/revisions\/424"}],"wp:featuredmedia":[{"embeddable":true,"href":"https:\/\/goodnewsfromromania.ro\/index.php\/wp-json\/wp\/v2\/media\/422"}],"wp:attachment":[{"href":"https:\/\/goodnewsfromromania.ro\/index.php\/wp-json\/wp\/v2\/media?parent=421"}],"wp:term":[{"taxonomy":"category","embeddable":true,"href":"https:\/\/goodnewsfromromania.ro\/index.php\/wp-json\/wp\/v2\/categories?post=421"},{"taxonomy":"post_tag","embeddable":true,"href":"https:\/\/goodnewsfromromania.ro\/index.php\/wp-json\/wp\/v2\/tags?post=421"}],"curies":[{"name":"wp","href":"https:\/\/api.w.org\/{rel}","templated":true}]}}