{"id":412,"date":"2023-03-25T11:46:31","date_gmt":"2023-03-25T11:46:31","guid":{"rendered":"https:\/\/goodnewsfromromania.ro\/?p=412"},"modified":"2023-03-25T11:48:38","modified_gmt":"2023-03-25T11:48:38","slug":"romania-isi-imbunatateste-ratingul-de-tara-trece-de-la-negativ-la-stabil","status":"publish","type":"post","link":"https:\/\/goodnewsfromromania.ro\/index.php\/2023\/03\/25\/romania-isi-imbunatateste-ratingul-de-tara-trece-de-la-negativ-la-stabil\/","title":{"rendered":"Rom\u00e2nia \u00ee\u0219i \u00eembun\u0103t\u0103\u021be\u0219te ratingul de \u021bar\u0103. Trece de la negativ la stabil"},"content":{"rendered":"\n<p>Agen\u0163ia american\u0103 de rating Fitch a \u00eembun\u0103t\u0103\u0163it perspectiva de rating de \u0163ar\u0103 pentru Rom\u00e2nia de la \u201enegativ\u201d la \u201estabil\u201d, anun\u021b\u0103 Ministerul Finan\u021belor Publice.<\/p>\n\n\n\n<p>Aceasta este prima modificare pozitiv\u0103 pentru Rom\u00e2nia din aprilie 2020 \u00eencoace f\u0103cut\u0103 de agen\u021bia de rating Fintch. Potrivit acesteia, economia Rom\u00e2niei va \u00eenregistra o cre\u015ftere de 2,3% \u00een anul 2023, respectiv de 3% \u00een anul 2024, \u00een condi\u0163iile \u00een care \u0163ara noastr\u0103 va beneficia de fonduri europene importante at\u00e2t din Cadrul Financiar Multianual 2021-2027, c\u00e2t \u015fi din Mecanismul de Redresare \u015fi Rezilien\u0163\u0103 (PNRR).<\/p>\n\n\n\n<blockquote class=\"wp-block-quote is-layout-flow wp-block-quote-is-layout-flow\">\n<p><\/p>\n<cite><em>&#8222;Decizia Fitch Ratings reprezint\u0103 o dovad\u0103 a recunoa\u015fterii interna\u0163ionale a agendei guvernului Rom\u00e2niei pentru a asigura consolidarea fiscal-bugetar\u0103 \u015fi confirmarea c\u0103 m\u0103surile deja adoptate au fost cele corecte, necesare pentru \u0163ara noastr\u0103 \u015fi extrem de a\u015fteptate de c\u0103tre to\u0163i partenerii no\u015ftri externi. Totodat\u0103, trebuie remarcate \u015fi estim\u0103rile pozitive ale agen\u0163iei referitoare la poten\u0163ialul de cre\u015ftere economic\u0103 a Rom\u00e2niei pe termen mediu\u201d, a declarat ministrul finan\u0163elor Adrian C\u00e2ciu, conform sursei men\u021bionate anterior.<\/em><\/cite><\/blockquote>\n\n\n\n<p>\u00cen evaluarea realizat\u0103, Fitch men\u0163ioneaz\u0103 at\u00e2t rezilien\u0163a economic\u0103 de care a dat dovad\u0103 Rom\u00e2nia \u00een anul 2022, c\u00e2t \u015fi stabilitatea politic\u0103 care a f\u0103cut posibil\u0103 abordarea crizei generate de r\u0103zboiul din Ucraina \u015fi a celei energetice.<\/p>\n\n\n\n<p>Rom\u00e2nia r\u0103m\u00e2ne \u00eens\u0103 pe ultima treapt\u0103 din categoria &#8222;Recomandat\u0103 investi\u0163iilor&#8221;.\u00a0<\/p>\n\n\n\n<p>Sursa Foto: emerging europe<\/p>\n","protected":false},"excerpt":{"rendered":"<p>Agen\u0163ia american\u0103 de rating Fitch a \u00eembun\u0103t\u0103\u0163it perspectiva de rating de \u0163ar\u0103 pentru Rom\u00e2nia de la \u201enegativ\u201d la \u201estabil\u201d, anun\u021b\u0103 Ministerul Finan\u021belor Publice.<\/p>\n","protected":false},"author":1,"featured_media":413,"comment_status":"open","ping_status":"open","sticky":false,"template":"","format":"standard","meta":{"footnotes":""},"categories":[11,3],"tags":[27,29,18,28,26,17],"class_list":["post-412","post","type-post","status-publish","format-standard","has-post-thumbnail","hentry","category-international","category-stiri","tag-agentia-fitch","tag-fitch-ratings","tag-good-news-from-romania","tag-ministerul-finantelor-publice","tag-rating-de-tara","tag-romania"],"post_mailing_queue_ids":[],"_links":{"self":[{"href":"https:\/\/goodnewsfromromania.ro\/index.php\/wp-json\/wp\/v2\/posts\/412","targetHints":{"allow":["GET"]}}],"collection":[{"href":"https:\/\/goodnewsfromromania.ro\/index.php\/wp-json\/wp\/v2\/posts"}],"about":[{"href":"https:\/\/goodnewsfromromania.ro\/index.php\/wp-json\/wp\/v2\/types\/post"}],"author":[{"embeddable":true,"href":"https:\/\/goodnewsfromromania.ro\/index.php\/wp-json\/wp\/v2\/users\/1"}],"replies":[{"embeddable":true,"href":"https:\/\/goodnewsfromromania.ro\/index.php\/wp-json\/wp\/v2\/comments?post=412"}],"version-history":[{"count":2,"href":"https:\/\/goodnewsfromromania.ro\/index.php\/wp-json\/wp\/v2\/posts\/412\/revisions"}],"predecessor-version":[{"id":416,"href":"https:\/\/goodnewsfromromania.ro\/index.php\/wp-json\/wp\/v2\/posts\/412\/revisions\/416"}],"wp:featuredmedia":[{"embeddable":true,"href":"https:\/\/goodnewsfromromania.ro\/index.php\/wp-json\/wp\/v2\/media\/413"}],"wp:attachment":[{"href":"https:\/\/goodnewsfromromania.ro\/index.php\/wp-json\/wp\/v2\/media?parent=412"}],"wp:term":[{"taxonomy":"category","embeddable":true,"href":"https:\/\/goodnewsfromromania.ro\/index.php\/wp-json\/wp\/v2\/categories?post=412"},{"taxonomy":"post_tag","embeddable":true,"href":"https:\/\/goodnewsfromromania.ro\/index.php\/wp-json\/wp\/v2\/tags?post=412"}],"curies":[{"name":"wp","href":"https:\/\/api.w.org\/{rel}","templated":true}]}}