{"id":389,"date":"2023-03-14T11:30:13","date_gmt":"2023-03-14T11:30:13","guid":{"rendered":"https:\/\/goodnewsfromromania.ro\/?p=389"},"modified":"2023-03-14T11:30:42","modified_gmt":"2023-03-14T11:30:42","slug":"retele-pilot-de-scoli-verzi-in-romania-ce-beneficii-au-elevii","status":"publish","type":"post","link":"https:\/\/goodnewsfromromania.ro\/index.php\/2023\/03\/14\/retele-pilot-de-scoli-verzi-in-romania-ce-beneficii-au-elevii\/","title":{"rendered":"Re\u021bele-pilot de \u0219coli verzi \u00een Rom\u00e2nia. Ce beneficii au elevii"},"content":{"rendered":"\n<p>Ministerul Educa\u021biei&nbsp;a lansat&nbsp;\u00een consultare public\u0103&nbsp;Ghidul solicitantului&nbsp;aferent apelului&nbsp;\u201eConstruirea \u0219i dezvoltarea unei re\u021bele-pilot de \u0219coli verzi\u201d.&nbsp;Astfel, unit\u0103\u021bile administrativ-teritoriale&nbsp;pot ob\u021bine finan\u021b\u0103ri at\u00e2t pentru&nbsp;reabilitarea&nbsp;unit\u0103\u021bilor de \u00eenv\u0103\u021b\u0103m\u00e2nt existente, c\u00e2t \u0219i pentru&nbsp;construirea&nbsp;altora noi, cu scopul de a ob\u021bine statutul de \u201e\u0219coal\u0103 verde\u201d.<\/p>\n\n\n\n<p>Ministrul Educa\u0163iei, Ligia Deca, a afirmat c\u0103 investi\u0163ia de peste 225 milioane de euro va ajuta la reabilitarea \u015fi construirea \u015fcolilor pentru a putea fi &#8222;aliniate&#8221; standardelor europene.<br><br><em>&#8222;Facem \u00eenc\u0103 un pas spre constituirea unei re\u0163ele de &#8222;\u015fcoli verzi&#8221; \u00een Rom\u00e2nia! Printr-o investi\u0163ie \u00een valoare de peste 225 milioane de euro, vom reabilita \u015fi construi \u015fcoli, aliniate standardelor europene&#8221;, a scris Deca, pe pagina de&nbsp;<a rel=\"noreferrer noopener\" href=\"https:\/\/www.facebook.com\/permalink.php?story_fbid=155709997394556&amp;id=100088666691904\" target=\"_blank\">Facebook.<\/a><\/em><\/p>\n\n\n\n<p>Potrivit acesteia, conceptul de &#8222;\u015fcoal\u0103 verde&#8221; nu are ca scop doar modernizarea infrastructurii educa\u0163ionale.<\/p>\n\n\n\n<figure class=\"wp-block-image size-full\"><img loading=\"lazy\" decoding=\"async\" width=\"640\" height=\"355\" src=\"https:\/\/goodnewsfromromania.ro\/wp-content\/uploads\/2023\/03\/Ministerul_educatiei_scoli_verzi.jpg\" alt=\"\" class=\"wp-image-391\" srcset=\"https:\/\/goodnewsfromromania.ro\/wp-content\/uploads\/2023\/03\/Ministerul_educatiei_scoli_verzi.jpg 640w, https:\/\/goodnewsfromromania.ro\/wp-content\/uploads\/2023\/03\/Ministerul_educatiei_scoli_verzi-300x166.jpg 300w\" sizes=\"auto, (max-width: 640px) 100vw, 640px\" \/><figcaption class=\"wp-element-caption\">Re\u021bele &#8211; pilot de \u0219coli verzi <\/figcaption><\/figure>\n\n\n\n<p><br><br><em>&#8222;\u00cen aceste \u015fcoli, vor fi promovate educa\u0163ia pentru sustenabilitate &#8211; cu un curriculum adaptat &#8211; \u015fi o palet\u0103 ampl\u0103 de activit\u0103\u0163i practice, realizate \u00eempreun\u0103 cu toate comunit\u0103\u0163ile din care \u015fcolile fac parte. Elevii \u015fi cadrele didactice vor fi, prin activit\u0103\u0163ile organizate, mult mai motiva\u0163i \u015fi implica\u0163i \u00een tot ceea ce presupune grija pentru mediu. \u00cendemn unit\u0103\u0163ile administrativ-teritoriale s\u0103 depun\u0103 proiecte pentru acest apel \u015fi s\u0103 devin\u0103, \u00een acest fel, repere de dezvoltare sustenabil\u0103&#8221;, a mai sus\u0163inut ministrul Educa\u0163iei.<\/em><br><br>Ministerul Educa\u0163iei, \u00een calitate de coordonator de reforme \u015fi investi\u0163ii finan\u0163ate prin Planul Na\u0163ional de Reform\u0103 \u015fi Rezilien\u0163\u0103 (PNRR), a lansat \u00een consultare public\u0103 Ghidul solicitantului aferent apelului &#8222;Construirea \u015fi dezvoltarea unei re\u0163ele-pilot de \u015fcoli verzi&#8221;, apel de proiecte finan\u0163at prin Planul Na\u0163ional de Redresare \u015fi Rezilien\u0163\u0103 &#8211; Componenta C15: Educa\u0163ie.<\/p>\n","protected":false},"excerpt":{"rendered":"<p>Ministerul Educa\u021biei&nbsp;a lansat&nbsp;\u00een consultare public\u0103&nbsp;Ghidul solicitantului&nbsp;aferent apelului&nbsp;\u201eConstruirea \u0219i dezvoltarea unei re\u021bele-pilot de \u0219coli verzi\u201d.&nbsp;Astfel, unit\u0103\u021bile administrativ-teritoriale&nbsp;pot ob\u021bine finan\u021b\u0103ri at\u00e2t pentru&nbsp;reabilitarea&nbsp;unit\u0103\u021bilor de \u00eenv\u0103\u021b\u0103m\u00e2nt existente, c\u00e2t \u0219i pentru&nbsp;construirea&nbsp;altora noi, cu scopul de a ob\u021bine statutul de \u201e\u0219coal\u0103 verde\u201d. Ministrul Educa\u0163iei, Ligia Deca, a afirmat c\u0103 investi\u0163ia de peste 225 milioane de euro va ajuta la reabilitarea \u015fi [&hellip;]<\/p>\n","protected":false},"author":1,"featured_media":390,"comment_status":"open","ping_status":"open","sticky":false,"template":"","format":"standard","meta":{"footnotes":""},"categories":[6,3],"tags":[12,18,14,13,16,17,15],"class_list":["post-389","post","type-post","status-publish","format-standard","has-post-thumbnail","hentry","category-educatie","category-stiri","tag-educatie","tag-good-news-from-romania","tag-ligia-deca","tag-ministerul-educatiei","tag-pnrr","tag-romania","tag-scoli-verzi"],"post_mailing_queue_ids":[],"_links":{"self":[{"href":"https:\/\/goodnewsfromromania.ro\/index.php\/wp-json\/wp\/v2\/posts\/389","targetHints":{"allow":["GET"]}}],"collection":[{"href":"https:\/\/goodnewsfromromania.ro\/index.php\/wp-json\/wp\/v2\/posts"}],"about":[{"href":"https:\/\/goodnewsfromromania.ro\/index.php\/wp-json\/wp\/v2\/types\/post"}],"author":[{"embeddable":true,"href":"https:\/\/goodnewsfromromania.ro\/index.php\/wp-json\/wp\/v2\/users\/1"}],"replies":[{"embeddable":true,"href":"https:\/\/goodnewsfromromania.ro\/index.php\/wp-json\/wp\/v2\/comments?post=389"}],"version-history":[{"count":2,"href":"https:\/\/goodnewsfromromania.ro\/index.php\/wp-json\/wp\/v2\/posts\/389\/revisions"}],"predecessor-version":[{"id":393,"href":"https:\/\/goodnewsfromromania.ro\/index.php\/wp-json\/wp\/v2\/posts\/389\/revisions\/393"}],"wp:featuredmedia":[{"embeddable":true,"href":"https:\/\/goodnewsfromromania.ro\/index.php\/wp-json\/wp\/v2\/media\/390"}],"wp:attachment":[{"href":"https:\/\/goodnewsfromromania.ro\/index.php\/wp-json\/wp\/v2\/media?parent=389"}],"wp:term":[{"taxonomy":"category","embeddable":true,"href":"https:\/\/goodnewsfromromania.ro\/index.php\/wp-json\/wp\/v2\/categories?post=389"},{"taxonomy":"post_tag","embeddable":true,"href":"https:\/\/goodnewsfromromania.ro\/index.php\/wp-json\/wp\/v2\/tags?post=389"}],"curies":[{"name":"wp","href":"https:\/\/api.w.org\/{rel}","templated":true}]}}