{"id":377,"date":"2023-03-12T12:16:32","date_gmt":"2023-03-12T12:16:32","guid":{"rendered":"https:\/\/goodnewsfromromania.ro\/?p=377"},"modified":"2023-03-12T12:26:01","modified_gmt":"2023-03-12T12:26:01","slug":"competitie-internationala-cu-peste-600-000-de-candidati-castigata-de-o-romanca","status":"publish","type":"post","link":"https:\/\/goodnewsfromromania.ro\/index.php\/2023\/03\/12\/competitie-internationala-cu-peste-600-000-de-candidati-castigata-de-o-romanca\/","title":{"rendered":"Competi\u021bie interna\u021bional\u0103 cu peste 600.000 de candida\u021bi, c\u00e2\u0219tigat\u0103 de o rom\u00e2nc\u0103"},"content":{"rendered":"\n<h4 class=\"has-small-font-size wp-block-heading\">O adolescent\u0103 din Ia\u0219i a ob\u021binut marele premiu la un concurs interna\u021bional de desen din SUA. La competi\u021bia \u201cLions International&#8217;s Peace Poster Contest\u201d s-au \u00eenscris anul acesta peste 600.000 de copii din toat\u0103 lumea. <\/h4>\n\n\n\n<h6 class=\"has-small-font-size wp-block-heading\">Emma-Andreea Paveliuc, \u00een v\u00e2rst\u0103 de 13 ani, elev\u0103 \u00een clasa a VII-a la Colegiul Na\u021bional \u201eOctav B\u0103ncil\u0103\u201d din Ia\u0219i, a participat la concursul <em>\u201eAfi\u0219e pentru pace\u201d,<\/em> iar talentul \u0219i viziunea au plasat-o printre cei 24 de finali\u0219ti. Edi\u021bia din acest an a avut ca tem\u0103 \u201cLead with compassion\u201d (nr. Conduce cu compasiune).<\/h6>\n\n\n\n<p>\u201ePacea pentru mine reprezint\u0103 \u00eenceputul nostru, felul \u00een care ne toler\u0103m pentru c\u0103 to\u021bi am plecat de la acela\u0219i ADN. Pacea este baza lumii. Este iubire, bun\u0103tate \u0219i acceptare. Pacea este ajutorul nostru oferit celor care au nevoie. Vreau s\u0103 inspir oamenii s\u0103 fie uni\u021bi pentru c\u0103 viitorul este \u00een m\u00e2inile noastre \u0219i, pentru a-l construi, trebuie s\u0103 ne ajut\u0103m unii pe al\u021bii\u201d, a declarant Emma Paveliuc conform newsfilecorp.com.<\/p>\n\n\n\n<p class=\"has-small-font-size\">Posterul cu care Emma Paveliuc a c\u00e2\u0219tigat s-a remarcat gra\u021bie originalit\u0103\u021bii, meritului artistic, dar \u0219i prin modul \u00een care aceasta a portretizat tema concursului. \u00cen calitate de c\u00e2\u0219tig\u0103toare, Paveliuc va primi 5.000 de dolari.<\/p>\n\n\n\n<figure class=\"wp-block-image size-full\"><img loading=\"lazy\" decoding=\"async\" width=\"600\" height=\"750\" src=\"https:\/\/goodnewsfromromania.ro\/wp-content\/uploads\/2023\/03\/Emma_Paveliuc_Lion_Poster_Contest.jpg\" alt=\"\" class=\"wp-image-381\" srcset=\"https:\/\/goodnewsfromromania.ro\/wp-content\/uploads\/2023\/03\/Emma_Paveliuc_Lion_Poster_Contest.jpg 600w, https:\/\/goodnewsfromromania.ro\/wp-content\/uploads\/2023\/03\/Emma_Paveliuc_Lion_Poster_Contest-240x300.jpg 240w\" sizes=\"auto, (max-width: 600px) 100vw, 600px\" \/><figcaption class=\"wp-element-caption\"><em><strong>Posterul c\u00e2\u0219tig\u0103tor, autor Emma Paveliuc, finalist\u0103 a Lions International&#8217;s Peace Poster Contest<\/strong><\/em><\/figcaption><\/figure>\n\n\n\n<p class=\"has-small-font-size\">.<\/p>\n\n\n\n<p class=\"has-small-font-size\">Concursul \u201cLions International&#8217;s Peace Poster Contest\u201d a oferit tinerilor cu v\u00e2rste \u00eentre 11 \u0219i 13 ani ocazia de a \u00eemp\u0103rt\u0103\u0219i viziunea lor despre pacea mondial\u0103 prin art\u0103. Totodat\u0103, nici autorit\u0103\u021bile ora\u0219ului natal al Emmei Paveliuc nu au l\u0103sat aceast\u0103 reu\u0219it\u0103 s\u0103 treac\u0103 neobservat\u0103. Primarul Ia\u0219ului, Mihai Chirica, a adresat felicit\u0103ri\u00a0profesoarei de desen a Emmei Andreea Paveliuc, cea care i-a \u00eendrumat pa\u0219ii \u0219i a contribuit la succesul din Statele Unite ale Americii.<\/p>\n\n\n\n<p><\/p>\n","protected":false},"excerpt":{"rendered":"<p>O adolescent\u0103 din Ia\u0219i a ob\u021binut marele premiu la un concurs interna\u021bional de desen din SUA. La competi\u021bia \u201cLions International&#8217;s Peace Poster Contest\u201d s-au \u00eenscris anul acesta peste 600.000 de copii din toat\u0103 lumea. Emma-Andreea Paveliuc, \u00een v\u00e2rst\u0103 de 13 ani, elev\u0103 \u00een clasa a VII-a la Colegiul Na\u021bional \u201eOctav B\u0103ncil\u0103\u201d din Ia\u0219i, a participat [&hellip;]<\/p>\n","protected":false},"author":1,"featured_media":380,"comment_status":"open","ping_status":"open","sticky":false,"template":"","format":"standard","meta":{"footnotes":""},"categories":[6,11,3],"tags":[],"class_list":["post-377","post","type-post","status-publish","format-standard","has-post-thumbnail","hentry","category-educatie","category-international","category-stiri"],"post_mailing_queue_ids":[],"_links":{"self":[{"href":"https:\/\/goodnewsfromromania.ro\/index.php\/wp-json\/wp\/v2\/posts\/377","targetHints":{"allow":["GET"]}}],"collection":[{"href":"https:\/\/goodnewsfromromania.ro\/index.php\/wp-json\/wp\/v2\/posts"}],"about":[{"href":"https:\/\/goodnewsfromromania.ro\/index.php\/wp-json\/wp\/v2\/types\/post"}],"author":[{"embeddable":true,"href":"https:\/\/goodnewsfromromania.ro\/index.php\/wp-json\/wp\/v2\/users\/1"}],"replies":[{"embeddable":true,"href":"https:\/\/goodnewsfromromania.ro\/index.php\/wp-json\/wp\/v2\/comments?post=377"}],"version-history":[{"count":3,"href":"https:\/\/goodnewsfromromania.ro\/index.php\/wp-json\/wp\/v2\/posts\/377\/revisions"}],"predecessor-version":[{"id":384,"href":"https:\/\/goodnewsfromromania.ro\/index.php\/wp-json\/wp\/v2\/posts\/377\/revisions\/384"}],"wp:featuredmedia":[{"embeddable":true,"href":"https:\/\/goodnewsfromromania.ro\/index.php\/wp-json\/wp\/v2\/media\/380"}],"wp:attachment":[{"href":"https:\/\/goodnewsfromromania.ro\/index.php\/wp-json\/wp\/v2\/media?parent=377"}],"wp:term":[{"taxonomy":"category","embeddable":true,"href":"https:\/\/goodnewsfromromania.ro\/index.php\/wp-json\/wp\/v2\/categories?post=377"},{"taxonomy":"post_tag","embeddable":true,"href":"https:\/\/goodnewsfromromania.ro\/index.php\/wp-json\/wp\/v2\/tags?post=377"}],"curies":[{"name":"wp","href":"https:\/\/api.w.org\/{rel}","templated":true}]}}